{"id":5845,"date":"2023-06-01T11:09:47","date_gmt":"2023-06-01T11:09:47","guid":{"rendered":"https:\/\/ladepeche.mr\/?p=5845"},"modified":"2023-06-01T11:09:47","modified_gmt":"2023-06-01T11:09:47","slug":"convention-de-partenariat-ministere-groupement-boghe-societe-afro-americaine-dagriculture-et-de-cooperation","status":"publish","type":"post","link":"https:\/\/ladepeche.mr\/?p=5845","title":{"rendered":"Convention de partenariat : Minist\u00e8re \u2013 \u00abGroupement Bogh\u00e9\u00bb \u2013 Soci\u00e9t\u00e9 afro-am\u00e9ricaine d\u2019agriculture et de coop\u00e9ration"},"content":{"rendered":"<p>Les locaux du minist\u00e8re de l\u2019Agriculture ont abrit\u00e9 mercredi la c\u00e9r\u00e9monie de signature d\u2019une convention de partenariat tripartite portant sur l\u2019am\u00e9nagement et l\u2019exploitation de l\u2019extension d\u2019une ferme \u00e0 Bogh\u00e9 couvrant une superficie de deux mille hectares.<\/p>\n<p>L\u2019accord a \u00e9t\u00e9 sign\u00e9 au nom de l\u2019\u00c9tat mauritanien, par le ministre de l\u2019Agriculture, M. Yahya Ould Ahmed El Waghf, et au nom du Groupement de Bogh\u00e9 pour le D\u00e9veloppement de l\u2019Agriculture et de l\u2019\u00c9levage, dite \u00ab DYNN \u00bb, par le pr\u00e9sident de son conseil d\u2019administration, M. N\u2019Gaid\u00e9 Ibrahima Kayou, et au nom de la Soci\u00e9t\u00e9 afro-am\u00e9ricaine d\u2019agriculture et de coop\u00e9ration, M. Edward Moring, vice-pr\u00e9sident de la soci\u00e9t\u00e9.<\/p>\n<p>L\u2019accord stipule que le Groupement Bogh\u00e9 pour le D\u00e9veloppement de l\u2019Agriculture et de l\u2019\u00c9levage accorde des terres agricoles issues de l\u2019agrandissement de sa ferme au profit de l\u2019entreprise am\u00e9ricaine \u00e0 titre temporaire, sur une superficie de deux mille hectares pouvant \u00eatre augment\u00e9e, dont 80% seront exploit\u00e9s par l\u2019entreprise et 20% par les propri\u00e9taires fonciers, sur une dur\u00e9e de 20 ans.<\/p>\n<p>Le co\u00fbt d\u2019investissement est de 30 millions de dollars aux frais de la Soci\u00e9t\u00e9 afro-am\u00e9ricaine pour l\u2019agriculture et la coop\u00e9ration.<\/p>\n<p>L\u2019\u00c9tat mauritanien, repr\u00e9sent\u00e9 par le minist\u00e8re de l\u2019Agriculture, et le Groupement Bogh\u00e9 pour le d\u00e9veloppement de l\u2019agriculture et de l\u2019\u00e9levage s\u2019engage, dans le cadre de cet accord, \u00e0 assurer l\u2019am\u00e9nagement et \u00e0 veiller \u00e0 l\u2019int\u00e9r\u00eat g\u00e9n\u00e9ral des agriculteurs.<\/p>\n<p>Le ministre de l\u2019Agriculture, M. Yahya Ould Ahmed El Waghf, a exprim\u00e9 sa satisfaction de la pr\u00e9sence d\u2019entreprises am\u00e9ricaines d\u00e9sireuses d\u2019investir dans le secteur agricole mauritanien. Il a d\u00e9clar\u00e9 que l\u2019\u00c9tat s\u2019est engag\u00e9 \u00e0 d\u00e9fendre, dans le cadre de ce projet, l\u2019int\u00e9r\u00eat g\u00e9n\u00e9ral ainsi que celui des membres du Groupement de Bogh\u00e9 pour le d\u00e9veloppement de l\u2019agriculture et de l\u2019\u00e9levage.<\/p>\n<p>Le ministre a pr\u00e9cis\u00e9 que ce partenariat, le premier du genre en Mauritanie, doit aboutir \u00e0 de grands succ\u00e8s pour donner l\u2019exemple en encourageant les agriculteurs et les investisseurs, appelant toutes les parties \u00e0 \u0153uvrer pour la r\u00e9ussite de ce partenariat.<\/p>\n<p>La c\u00e9r\u00e9monie de signature s\u2019est d\u00e9roul\u00e9e en pr\u00e9sence du ministre secr\u00e9taire g\u00e9n\u00e9ral du gouvernement, M. Mokhtar El Housseini Lam, et du conseiller juridique du ministre de l\u2019agriculture, M. Abdoulaye Djim\u00e9 Diaw, ainsi que des membres du Conseil d\u2019administration du Groupement de Bogh\u00e9 pour le d\u00e9veloppement de l\u2019agriculture et de l\u2019\u00e9levage.<br \/>\nAmi<\/p>\n","protected":false},"excerpt":{"rendered":"<p>Les locaux du minist\u00e8re de l\u2019Agriculture ont abrit\u00e9 mercredi la c\u00e9r\u00e9monie de signature d\u2019une convention de partenariat tripartite portant sur l\u2019am\u00e9nagement et l\u2019exploitation de l\u2019extension d\u2019une ferme \u00e0 Bogh\u00e9 couvrant une superficie de deux mille hectares. L\u2019accord a \u00e9t\u00e9 sign\u00e9 au nom de l\u2019\u00c9tat mauritanien, par le ministre de l\u2019Agriculture, M. Yahya Ould Ahmed El &hellip;<\/p>\n","protected":false},"author":2,"featured_media":5847,"comment_status":"open","ping_status":"open","sticky":false,"template":"","format":"standard","meta":{"footnotes":""},"categories":[18,2],"tags":[],"class_list":["post-5845","post","type-post","status-publish","format-standard","has-post-thumbnail","hentry","category-actualites","category-economie"],"_links":{"self":[{"href":"https:\/\/ladepeche.mr\/index.php?rest_route=\/wp\/v2\/posts\/5845","targetHints":{"allow":["GET"]}}],"collection":[{"href":"https:\/\/ladepeche.mr\/index.php?rest_route=\/wp\/v2\/posts"}],"about":[{"href":"https:\/\/ladepeche.mr\/index.php?rest_route=\/wp\/v2\/types\/post"}],"author":[{"embeddable":true,"href":"https:\/\/ladepeche.mr\/index.php?rest_route=\/wp\/v2\/users\/2"}],"replies":[{"embeddable":true,"href":"https:\/\/ladepeche.mr\/index.php?rest_route=%2Fwp%2Fv2%2Fcomments&post=5845"}],"version-history":[{"count":1,"href":"https:\/\/ladepeche.mr\/index.php?rest_route=\/wp\/v2\/posts\/5845\/revisions"}],"predecessor-version":[{"id":5848,"href":"https:\/\/ladepeche.mr\/index.php?rest_route=\/wp\/v2\/posts\/5845\/revisions\/5848"}],"wp:featuredmedia":[{"embeddable":true,"href":"https:\/\/ladepeche.mr\/index.php?rest_route=\/wp\/v2\/media\/5847"}],"wp:attachment":[{"href":"https:\/\/ladepeche.mr\/index.php?rest_route=%2Fwp%2Fv2%2Fmedia&parent=5845"}],"wp:term":[{"taxonomy":"category","embeddable":true,"href":"https:\/\/ladepeche.mr\/index.php?rest_route=%2Fwp%2Fv2%2Fcategories&post=5845"},{"taxonomy":"post_tag","embeddable":true,"href":"https:\/\/ladepeche.mr\/index.php?rest_route=%2Fwp%2Fv2%2Ftags&post=5845"}],"curies":[{"name":"wp","href":"https:\/\/api.w.org\/{rel}","templated":true}]}}