{"id":5852,"date":"2023-06-01T21:11:49","date_gmt":"2023-06-01T21:11:49","guid":{"rendered":"https:\/\/ladepeche.mr\/?p=5852"},"modified":"2023-06-01T21:21:10","modified_gmt":"2023-06-01T21:21:10","slug":"senegal-ousmane-sonko-condamne-a-deux-ans-de-prison-ferme","status":"publish","type":"post","link":"https:\/\/ladepeche.mr\/?p=5852","title":{"rendered":"S\u00e9n\u00e9gal : Ousmane Sonko condamn\u00e9 \u00e0 deux ans de prison ferme"},"content":{"rendered":"<p>D\u00e8s l\u2019annonce de sa condamnation, ses partisans capitalisent Dakar. L\u2019Interieur du pays profond \u00e9galement ! L\u2019opposant num\u00e9ro 1 s\u00e9n\u00e9galais \u00e0 Macky Sall, Ousmane Sonko, candidat \u00e0 la pr\u00e9sidentielle de 2024, a \u00e9t\u00e9 condamn\u00e9 \u00e0 deux ans de prison ferme pour \u00ab corruption de la jeunesse \u00bb. Il  a, en revanche, \u00e9t\u00e9 acquitt\u00e9 des faits pr\u00e9sum\u00e9s de viol. Cette d\u00e9cision de justice hypoth\u00e8que n\u00e9anmoins sa candidature \u00e0 la fonction supr\u00eame.<br \/>\nJeudi 1 juin. Deux ans de prison ferme pour Ousmane Sonko. La sentence est lourde pour le  candidat d\u00e9clar\u00e9 \u00e0 l\u2019\u00e9lection pr\u00e9sidentielle de 2024 au S\u00e9n\u00e9gal. Il va en prison pour \u00ab corruption de la jeunesse \u00bb par un tribunal criminel de Dakar. Ce d\u00e9lit consiste \u00e0 d\u00e9baucher ou \u00e0 favoriser la d\u00e9bauche d\u2019un jeune de moins de 21 ans. Dixit l\u2019\u00e9nonc\u00e9 de la condamnation.<\/p>\n<p>Statuant en l\u2019absence du pr\u00e9venu, la chambre criminelle l\u2019a en revanche acquitt\u00e9 des accusations de viol et menace de mort dans un climat de vives tensions.<br \/>\nApr\u00e8s l\u2019annonce du verdict, des affrontements ont mis aux prises des jeunes et les forces de s\u00e9curit\u00e9 \u00e0 coups de pierres et de gaz lacrymog\u00e8nes pr\u00e8s de l\u2019universit\u00e9 de Dakar, ont constat\u00e9 des journalistes de l\u2019AFP. Des heurts ont \u00e9t\u00e9 rapport\u00e9s par les r\u00e9seaux sociaux ailleurs au S\u00e9n\u00e9gal.<\/p>\n<p>La d\u00e9cision du tribunal a soulev\u00e9 de bruyantes manifestations de r\u00e9probation dans la salle du tribunal plac\u00e9e sous forte protection polici\u00e8re, sans qu\u2019apparaisse clairement si elles \u00e9taient dues \u00e0 la sympathie pour la plaignante ou pour Ousmane Sonko.<\/p>\n<p>La plaignante, Adji Sarr, avait moins de 21 ans au moment des faits qu\u2019elle d\u00e9nonce.<\/p>\n<p>Un gros point d\u2019interrogation sur sur la candidature de Sonko<br \/>\nElle a quitt\u00e9 le tribunal sans s\u2019exprimer. Menac\u00e9e et insult\u00e9e depuis que le scandale a \u00e9clat\u00e9, plac\u00e9e sous protection polici\u00e8re, elle a toujours persist\u00e9 dans ses accusations. Elle a dit au proc\u00e8s qu\u2019Ousmane Sonko avait abus\u00e9 d\u2019elle \u00e0 cinq reprises entre fin 2020 et d\u00e9but 2021. Elle n\u2019est jamais devenue la figure d\u2019un combat contre les violences faites aux femmes, le dossier \u00e9tant trop politis\u00e9 par la pr\u00e9sidentielle et la soci\u00e9t\u00e9 ne facilitant pas un tel engagement.<\/p>\n<p>Ousmane Sonko n\u2019a cess\u00e9 de nier les accusations et de crier au complot ourdi par le pouvoir pour l\u2019\u00e9carter de la pr\u00e9sidentielle. La patronne et des t\u00e9moins ont contest\u00e9 les dires d\u2019Adji Sarr au proc\u00e8s.<\/p>\n<p>La patronne du salon Sweet Beaut\u00e9, Nd\u00e8ye Khady Ndiaye, a \u00e9t\u00e9 \u00e9galement \u00e9t\u00e9 condamn\u00e9e \u00e0 deux ans de prison ferme pour incitation \u00e0 la d\u00e9bauche, mais acquitt\u00e9e de complicit\u00e9 de viols. Ousmane Sonko et elle doivent payer chacun 600 000 francs CFA (900 euros) d\u2019amende et conjointement 20 millions de francs CFA (30 000 euros) de dommages et int\u00e9r\u00eats \u00e0 la plaignante.<\/p>\n<p>\u00ab Nous sommes satisfaits de la culpabilit\u00e9 de Sonko \u00bb, a dit \u00e0 la presse Me El Hadji Diouf, avocat d\u2019Adji Sarr. Mais 20 millions de francs CFA de dommages, c\u2019est peu pour les \u00ab souffrances \u00bb qu\u2019elle a endur\u00e9es, a-t-il d\u00e9plor\u00e9.<\/p>\n<p>La d\u00e9cision para\u00eet, au vu du code \u00e9lectoral, maintenir la menace sur l\u2019\u00e9ligibilit\u00e9 d\u2019Ousmane Sonko et sur sa facult\u00e9 \u00e0 concourir \u00e0 la pr\u00e9sidentielle de 2024. Les implications imm\u00e9diates de cette d\u00e9cision et une \u00e9ventuelle arrestation d\u2019Ousmane Sonko sont incertaines. Le tribunal ne s\u2019est pas prononc\u00e9 sur une \u00e9ventuelle arrestation.<\/p>\n<p>\u00ab La d\u00e9cision de l\u2019arr\u00eater ou pas d\u00e9pend du minist\u00e8re public \u00bb, a dit un des avocats d\u2019Ousmane Sonko, Me Djiby Diagne. Mais \u00ab la candidature d\u2019Ousmane Sonko est hypoth\u00e9qu\u00e9e \u00bb, a-t-il d\u00e9clar\u00e9. \u00ab Que tous les S\u00e9n\u00e9galais le sachent : Ousmane Sonko ne peut plus \u00eatre candidat \u00bb, a rench\u00e9ri un autre de ses conseils, Me Bamba Ciss\u00e9.<br \/>\nAu moment de la d\u00e9cision de justice, Ousmane Sonko, pr\u00e9sident du parti Pastef-les Patriotes et troisi\u00e8me de la pr\u00e9sidentielle de 2019, \u00e9tait pr\u00e9sum\u00e9 se trouver chez lui \u00e0 Dakar, bloqu\u00e9 depuis dimanche par un important dispositif policier, \u00ab s\u00e9questr\u00e9 \u00bb selon ses mots.<\/p>\n<p>Les forces de s\u00e9curit\u00e9 ont repouss\u00e9, y compris par la force, toute tentative de l\u2019approcher de la part de ses avocats ou de ses sympathisants. Elles ont tenu les journalistes \u00e0 une distance consid\u00e9rable de sa maison et lanc\u00e9 des grenades lacrymog\u00e8nes sans sommation vers un groupe de journalistes, dont une de l\u2019AFP, pour les \u00e9loigner.<\/p>\n<p>Ousmane Sonko encourait jusqu\u2019\u00e0 20 ans de r\u00e9clusion pour viols.<\/p>\n<p>Enjeu criminel et politique<br \/>\nL\u2019enjeu est autant criminel que politique. L\u2019\u00e9ligibilit\u00e9 d\u2019Ousmane Sonko, 48 ans, est d\u00e9j\u00e0 compromise par une r\u00e9cente condamnation \u00e0 six mois de prison avec sursis pour diffamation contre un ministre.<\/p>\n<p>Depuis que l\u2019affaire de viols pr\u00e9sum\u00e9s d\u00e9fraie la chronique, Ousmane Sonko est engag\u00e9 dans un bras de fer forcen\u00e9 avec le pouvoir pour sa survie judiciaire et politique.<\/p>\n<p>Une vingtaine de civils ont \u00e9t\u00e9 tu\u00e9s depuis 2021 dans des troubles largement li\u00e9s \u00e0 sa situation. Le pouvoir et le camp d\u2019Ousmane Sonko s\u2019en rejettent la faute.<\/p>\n<p>Le camp pr\u00e9sidentiel accuse Ousmane Sonko de se servir de la rue pour une affaire priv\u00e9e, et de nourrir un projet insurrectionnel.<\/p>\n<p>En dehors du sort de l\u2019opposant, un autre facteur de division est le flou entretenu par Macky Sall sur sa candidature ou non \u00e0 un troisi\u00e8me mandat.<\/p>\n<blockquote class=\"wp-embedded-content\" data-secret=\"9MH9PAycTl\"><p><a href=\"https:\/\/afrimag.net\/senegal-ousmane-sonko-condamne-a-deux-ans-de-prison-ferme\/\">S\u00e9n\u00e9gal\u00a0: Ousmane Sonko condamn\u00e9 \u00e0 deux ans de prison ferme<\/a><\/p><\/blockquote>\n<p><iframe loading=\"lazy\" class=\"wp-embedded-content\" sandbox=\"allow-scripts\" security=\"restricted\" style=\"position: absolute; clip: rect(1px, 1px, 1px, 1px);\" title=\"\u00ab\u00a0S\u00e9n\u00e9gal\u00a0: Ousmane Sonko condamn\u00e9 \u00e0 deux ans de prison ferme\u00a0\u00bb &#8212; Afrimag\" src=\"https:\/\/afrimag.net\/senegal-ousmane-sonko-condamne-a-deux-ans-de-prison-ferme\/embed\/#?secret=C2sS0YRWfw#?secret=9MH9PAycTl\" data-secret=\"9MH9PAycTl\" width=\"500\" height=\"282\" frameborder=\"0\" marginwidth=\"0\" marginheight=\"0\" scrolling=\"no\"><\/iframe><br \/>\nAvec AFP<\/p>\n","protected":false},"excerpt":{"rendered":"<p>D\u00e8s l\u2019annonce de sa condamnation, ses partisans capitalisent Dakar. L\u2019Interieur du pays profond \u00e9galement ! L\u2019opposant num\u00e9ro 1 s\u00e9n\u00e9galais \u00e0 Macky Sall, Ousmane Sonko, candidat \u00e0 la pr\u00e9sidentielle de 2024, a \u00e9t\u00e9 condamn\u00e9 \u00e0 deux ans de prison ferme pour \u00ab corruption de la jeunesse \u00bb. Il a, en revanche, \u00e9t\u00e9 acquitt\u00e9 des faits pr\u00e9sum\u00e9s &hellip;<\/p>\n","protected":false},"author":2,"featured_media":5853,"comment_status":"open","ping_status":"open","sticky":false,"template":"","format":"standard","meta":{"footnotes":""},"categories":[18,29],"tags":[],"class_list":["post-5852","post","type-post","status-publish","format-standard","has-post-thumbnail","hentry","category-actualites","category-monde"],"_links":{"self":[{"href":"https:\/\/ladepeche.mr\/index.php?rest_route=\/wp\/v2\/posts\/5852","targetHints":{"allow":["GET"]}}],"collection":[{"href":"https:\/\/ladepeche.mr\/index.php?rest_route=\/wp\/v2\/posts"}],"about":[{"href":"https:\/\/ladepeche.mr\/index.php?rest_route=\/wp\/v2\/types\/post"}],"author":[{"embeddable":true,"href":"https:\/\/ladepeche.mr\/index.php?rest_route=\/wp\/v2\/users\/2"}],"replies":[{"embeddable":true,"href":"https:\/\/ladepeche.mr\/index.php?rest_route=%2Fwp%2Fv2%2Fcomments&post=5852"}],"version-history":[{"count":1,"href":"https:\/\/ladepeche.mr\/index.php?rest_route=\/wp\/v2\/posts\/5852\/revisions"}],"predecessor-version":[{"id":5854,"href":"https:\/\/ladepeche.mr\/index.php?rest_route=\/wp\/v2\/posts\/5852\/revisions\/5854"}],"wp:featuredmedia":[{"embeddable":true,"href":"https:\/\/ladepeche.mr\/index.php?rest_route=\/wp\/v2\/media\/5853"}],"wp:attachment":[{"href":"https:\/\/ladepeche.mr\/index.php?rest_route=%2Fwp%2Fv2%2Fmedia&parent=5852"}],"wp:term":[{"taxonomy":"category","embeddable":true,"href":"https:\/\/ladepeche.mr\/index.php?rest_route=%2Fwp%2Fv2%2Fcategories&post=5852"},{"taxonomy":"post_tag","embeddable":true,"href":"https:\/\/ladepeche.mr\/index.php?rest_route=%2Fwp%2Fv2%2Ftags&post=5852"}],"curies":[{"name":"wp","href":"https:\/\/api.w.org\/{rel}","templated":true}]}}