{"id":5855,"date":"2023-06-02T13:29:48","date_gmt":"2023-06-02T13:29:48","guid":{"rendered":"https:\/\/ladepeche.mr\/?p=5855"},"modified":"2023-06-02T13:29:48","modified_gmt":"2023-06-02T13:29:48","slug":"fete-de-la-tabaski-la-mauritanie-contribuera-a-fournir-300-000-tetes-de-betail-au-senegal","status":"publish","type":"post","link":"https:\/\/ladepeche.mr\/?p=5855","title":{"rendered":"F\u00eate de la Tabaski: La Mauritanie contribuera \u00e0 fournir 300.000 t\u00eates de b\u00e9tail au S\u00e9n\u00e9gal"},"content":{"rendered":"<p>Les pr\u00e9parations de la f\u00eate du Sacrifice vont bon train entre les deux rives du S\u00e9n\u00e9gal avec la conclusion vendredi \u00e0 Rosso entre les deux pays d\u2019une convention d\u2019approvisionnement par laquelle la Mauritanie contribuera \u00e0 fournir 300.000 t\u00eates de b\u00e9tail au S\u00e9n\u00e9gal que ce dernier entend importer pour ses besoins.<br \/>\nLa convention a \u00e9t\u00e9 sign\u00e9e par le ministre mauritanien de l\u2019\u00e9levage, Mohamed Ould Abdellahi Ould Ethmane et Samba Ndiob\u00e8ne Ka, ministre s\u00e9n\u00e9galais de l\u2019\u00e9levage et des productions animales par int\u00e9rim.<br \/>\nPour une plus grande fluidit\u00e9 de ses accords en la mati\u00e8re, le gouvernement s\u00e9n\u00e9galais aurait proc\u00e9d\u00e9 \u00e0 la suppression des droits de taxes pour une dur\u00e9e de 105 jours et am\u00e9nag\u00e9 des espaces de vente d\u2019aliment b\u00e9tail, en plus de la s\u00e9curisation des personnes et des biens.<br \/>\nLe S\u00e9n\u00e9gal aurait besoin pour la f\u00eate de la Tabaski de plus de 800.000 t\u00eates de b\u00e9tail pour couvrir cette op\u00e9ration du sacrifice.<br \/>\nAu S\u00e9n\u00e9gal, un mouton de race Ladoume s&#8217;ach\u00e8terait 600 000 francs CFA; son prix pourrait m\u00eame s&#8217;\u00e9lever jusqu\u2019au 8 millions de francs CFA dont seule sont capable les grosses fortunes du pays.<br \/>\nA noter enfin que la c\u00e9r\u00e9monie de signature de la convention entre les deux pays a \u00e9t\u00e9 faite en pr\u00e9sence du wali du Trarza, du secr\u00e9taire g\u00e9n\u00e9ral du minist\u00e8re de l\u2019\u00e9levage, du maire de la commune de Rosso et de l\u2019ambassadeur du S\u00e9n\u00e9gal en Mauritanie.<\/p>\n","protected":false},"excerpt":{"rendered":"<p>Les pr\u00e9parations de la f\u00eate du Sacrifice vont bon train entre les deux rives du S\u00e9n\u00e9gal avec la conclusion vendredi \u00e0 Rosso entre les deux pays d\u2019une convention d\u2019approvisionnement par laquelle la Mauritanie contribuera \u00e0 fournir 300.000 t\u00eates de b\u00e9tail au S\u00e9n\u00e9gal que ce dernier entend importer pour ses besoins. La convention a \u00e9t\u00e9 sign\u00e9e &hellip;<\/p>\n","protected":false},"author":2,"featured_media":5856,"comment_status":"open","ping_status":"open","sticky":false,"template":"","format":"standard","meta":{"footnotes":""},"categories":[18,15,2,29],"tags":[],"class_list":["post-5855","post","type-post","status-publish","format-standard","has-post-thumbnail","hentry","category-actualites","category-culture","category-economie","category-monde"],"_links":{"self":[{"href":"https:\/\/ladepeche.mr\/index.php?rest_route=\/wp\/v2\/posts\/5855","targetHints":{"allow":["GET"]}}],"collection":[{"href":"https:\/\/ladepeche.mr\/index.php?rest_route=\/wp\/v2\/posts"}],"about":[{"href":"https:\/\/ladepeche.mr\/index.php?rest_route=\/wp\/v2\/types\/post"}],"author":[{"embeddable":true,"href":"https:\/\/ladepeche.mr\/index.php?rest_route=\/wp\/v2\/users\/2"}],"replies":[{"embeddable":true,"href":"https:\/\/ladepeche.mr\/index.php?rest_route=%2Fwp%2Fv2%2Fcomments&post=5855"}],"version-history":[{"count":1,"href":"https:\/\/ladepeche.mr\/index.php?rest_route=\/wp\/v2\/posts\/5855\/revisions"}],"predecessor-version":[{"id":5857,"href":"https:\/\/ladepeche.mr\/index.php?rest_route=\/wp\/v2\/posts\/5855\/revisions\/5857"}],"wp:featuredmedia":[{"embeddable":true,"href":"https:\/\/ladepeche.mr\/index.php?rest_route=\/wp\/v2\/media\/5856"}],"wp:attachment":[{"href":"https:\/\/ladepeche.mr\/index.php?rest_route=%2Fwp%2Fv2%2Fmedia&parent=5855"}],"wp:term":[{"taxonomy":"category","embeddable":true,"href":"https:\/\/ladepeche.mr\/index.php?rest_route=%2Fwp%2Fv2%2Fcategories&post=5855"},{"taxonomy":"post_tag","embeddable":true,"href":"https:\/\/ladepeche.mr\/index.php?rest_route=%2Fwp%2Fv2%2Ftags&post=5855"}],"curies":[{"name":"wp","href":"https:\/\/api.w.org\/{rel}","templated":true}]}}