{"id":5858,"date":"2023-06-02T15:47:26","date_gmt":"2023-06-02T15:47:26","guid":{"rendered":"https:\/\/ladepeche.mr\/?p=5858"},"modified":"2023-06-02T15:48:38","modified_gmt":"2023-06-02T15:48:38","slug":"etre-ou-ne-pas-etre","status":"publish","type":"post","link":"https:\/\/ladepeche.mr\/?p=5858","title":{"rendered":"\u00catre ou ne pas \u00eatre\u2026"},"content":{"rendered":"<p>Comme on le dit en hassania c\u2019est une question de &#8220;Minerai&#8221;\u2026.<br \/>\nJ\u2019aurais certainement pu saisir l\u2019occasion de me taire comme beaucoup malheureusement le font mais c\u2019est \u00e0 force d\u2019adopter ce comportement face aux questions qui comptent que l\u2019on pousse de plus en plus vers l\u2019ab\u00eeme. Alors je me fends de ces quelques mots qui je l\u2019esp\u00e8re rappellent combien nous sommes nombreux  \u00e0 nous dresser  contre ce qui ou ceux qui s\u2019aventurent \u00e0 briser le r\u00eave d\u2019une Mauritanie unie.<br \/>\nNous vivons en r\u00e9alit\u00e9 une situation de mal-\u00eatre g\u00e9n\u00e9ral qui perdure et inqui\u00e8te depuis assez longtemps d\u00e9j\u00e0 d\u2019autant plus que certains ne la per\u00e7oivent pas&#8230;pire ils la minimisent. Il est ahurissant et r\u00e9voltant de constater combien ils ont la vision et le bon sens s\u00e9lectifs. Il ne s\u2019agit surtout pas des manifestations ni des \u00e9carts qu\u2019elles peuvent engendrer de part et d\u2019autre, c\u2019est un sport universel aujourd\u2019hui malheureusement. Qu\u2019elles soient pacifiques est \u00e9videmment l\u2019id\u00e9al et la preuve de la pratique responsable du droit du citoyen. Et m\u00eame dans ce cas , ici, \u00e0 une ou deux manifestations pr\u00e8s elles sont le plus souvent ramen\u00e9es au seul groupe ou ethnie. Sauf qu\u2019aujourd\u2019hui, en plus du mal-\u00eatre,  le chapelet des revendications et m\u00e9contentements ( \u00e0 tort ou \u00e0 raison!) li\u00e9s aux derni\u00e8res \u00e9lections en fait une opportunit\u00e9 in\u00e9gal\u00e9e de casser de l\u2019autre chacun selon le sien. C\u2019est mal!<br \/>\nLes f\u00e2cheux incidents qui ont co\u00fbt\u00e9 la vie \u00e0 des citoyens dans des conditions pour le moins inexpliqu\u00e9es et dont le dernier est le d\u00e9funt Oumar Diop PSA recommandent \u00e0 l\u2019autorit\u00e9 de s\u00e9vir afin que plus jamais cela ne se reproduise.<br \/>\nQue l\u2019on comprenne que manifester pacifiquement est un droit citoyen,<br \/>\nQue l\u2019on sache que d\u00e9truire des biens publics ou priv\u00e9s est un d\u00e9lit lourdement r\u00e9pr\u00e9hensible,<br \/>\nQue les communaut\u00e9s nationales comprennent que pour ces questions l\u00e0, elles doivent manifester ensemble, pacifiquement et que cela ne concerne pas que le groupe ou l\u2019ethnie<br \/>\nR\u00e9primer la manifestation et &#8220;traiter&#8221; les manifestants n\u2019est certainement pas la solution et encore moins de ramener tout \u00e0 l\u2019\u00e9tranger que le ciel nous envoie \u00e0 la rescousse, comme par hasard; Que non!<br \/>\nCe sont, l\u00e0, des sympt\u00f4mes, des effets dont les causes sont ailleurs avec le mal-\u00eatre et le mal qui couvent depuis belle lurette car nous arrivons toujours \u00e0 \u00e9touffer les effets et \u00e0 enrober les causes en les ramenant \u00e0 ceci ou cela. Le plus souvent en usant du clivage ethnique \u00e0 nous dresser les uns contre les autres.<br \/>\nComme une solution de remise \u00e0 niveau, cette pratique marche \u00e0 tous les coups d\u2019un c\u00f4t\u00e9 comme des autres et vous vous surprenez \u00e0 d\u00e9couvrir qu\u2019elle recrute des t\u00eates que vous pensiez bien mont\u00e9es! Oui! Parce que les extr\u00e9mismes ( et ils sont nombreux)  dans notre pays se nourrissent de cette division et bien que le foss\u00e9 social et ethnique soit d\u00e9j\u00e0 assez profond, ils s\u2019\u00e9vertuent au quotidien \u00e0 le creuser davantage chacun depuis son extr\u00e9mit\u00e9 (Arabo-berb\u00e8re et n\u00e9gro-africaine).<br \/>\nComme pour compl\u00e9ter le sch\u00e9ma, il y a au centre de notre composition ethnique, entre les extr\u00e9mit\u00e9s (extr\u00e9mismes), cette grande majorit\u00e9 multi ethnique coupable d\u2019un silence destructeur. Et sa culpabilit\u00e9 est d\u2019autant plus grande qu\u2019elle est toujours dans l\u2019attente d\u2019une solution miracle et d\u2019ici l\u00e0 comme sur le conseil d\u2019un &#8220;Vauban&#8221;, elle se limite \u00e0 entretenir et \u00e0 prot\u00e9ger son pr\u00e9 carr\u00e9. Qu\u2019ils se d\u00e9trompent, le silence et la fuite sont mauvais conseillers et l\u2019absence est leur pire alli\u00e9.<br \/>\nJe suis un arabe, un maure, un Nar, un Sragha, un Tchapatou (Tchaptel) et j\u2019en suis fier mais je le suis autant d&#8217;\u00eatre aussi un Ba, un Bal, un Baro, un Camara, un Coulibaly, un Dia, un Diagana, un Diallo, un Diawara, un Dembel\u00e9, un Dieng, un Gandega, un Gueye, un Guisset, un Kane, un Koita, un Lam, un Ly, un Sakho, un Sall, un Sarr, un Sidibe, un Soumar\u00e9, un Sy, un Thiam, un Wane et bien d\u2019autres. Ils ne sont pas cit\u00e9s de mani\u00e8re fortuite; non! Je les connais tous!<br \/>\nPourquoi!? Parce que ce sont les noms avec les miens qui ont berc\u00e9 mon enfance, parce que ce sont mes amis, mes fr\u00e8res, mes familles, mes voisins. Parce que je suis Mauritanien et que c&#8217;est ce mix, qu&#8217;on le veuille ou non qui fait la diff\u00e9rence avec les autres maures ceux d&#8217;ailleurs et les autres ethnies d&#8217;ailleurs elles aussi! Je suis &#8220;fr\u00e8re de lait&#8221; de certains BA ( n&#8217;en d\u00e9plaise aux Kane) pour rappeler la promiscuit\u00e9 et la fraternit\u00e9 du voisinage dans lequel ma g\u00e9n\u00e9ration a grandi! C\u2019est cette Mauritanie l\u00e0 qui fait d\u00e9faut aujourd\u2019hui. Je n\u2019en veux pas \u00e0 ceux qui ne l\u2019ont pas connu mais plut\u00f4t \u00e0 ceux-l\u00e0 qui l\u2019on v\u00e9cu et qui ont rat\u00e9 l\u2019occasion de la d\u00e9fendre et d\u2019en passer le t\u00e9moin \u00e0 leurs enfants,  retranch\u00e9s qu\u2019ils le sont dans ce silence coupable. Un silence nous offrant aujourd\u2019hui cette Mauritanie des cloisons que l\u2019on retrouve dans les quartiers \u00e0 pr\u00e9sent et jusque dans les \u00e9coles; la Mauritanie des parall\u00e8les! Ceux qui ont v\u00e9cu le choc des anniversaires unicolores de leurs enfants savent de quoi je parle! Quand je pense au choc per\u00e7u chez un ami (Maure)  haut fonctionnaire qui a grandi aux blocs, je remercie au passage mes enfants, Alhamdoulilah qui m\u2019ont \u00e9vit\u00e9 \u00e7a; c\u2019est aussi une Responsabilit\u00e9 des parents de s\u2019assurer que leurs enfants sont dans la culture Benetton (UC).<br \/>\nLes P\u00e8res Fondateurs de la Mauritanie qui ont r\u00eav\u00e9 une nation s\u2019y sont pris VOLONTAIREMENT en faisant le choix de n\u2019\u00eatre ni du Nord et ni du Sud mais les deux \u00e0 la fois pour une Mauritanie multiculturelle. Ils ont fait le choix de cette dune au milieu de nulle part &#8221; contre vents et mar\u00e9es&#8221;. Certains ( plusieurs) avaient une situation d\u00e9j\u00e0 confortable, d\u2019autres y \u00e9taient pr\u00e9par\u00e9s pourtant ils ont tout quitt\u00e9 pour cette \u00e9preuve et ce r\u00eave qu\u2019ils avaient toutes ethnies confondues en partage. Beaucoup l\u2019on refus\u00e9 et sont all\u00e9s voir ailleurs. Des familles se sont s\u00e9par\u00e9es, des fr\u00e8res aussi! La Mauritanie a pourtant \u00e9merg\u00e9 de cette dune. La R\u00e9publique Islamique de Mauritanie, \u00e0 la faveur d\u2019un parcours du combattant.<br \/>\nCe qui se passe aujourd\u2019hui et le constat qui s\u2019en suit sont alarmants et remettent en cause la coh\u00e9sion sociale et son corollaire &#8221; le vivre-ensemble&#8221;.<br \/>\nCe fameux &#8220;vivre-ensemble&#8221; auquel on oublie de donner du contenu notamment par l\u2019effort et la volont\u00e9 commun\u00e9ment exprim\u00e9s par ceux qui y aspirent dans leur diversit\u00e9, leur richesse.  Je crois personnellement qu\u2019\u00e0 ce niveau les questions de majorit\u00e9 ou opposition ne devraient pas entrer en ligne de compte si elles sont limitantes au dessein.<br \/>\nCela devrait normalement proc\u00e9der d\u2019un \u00e9lan mutuel vers ce qui rassemble en faisant l\u2019effort de r\u00e9gler tout ce qui s\u2019y oppose. Cela suppose des efforts et des sacrifices. Mais est-ce que ce vivre-ensemble n\u2019en vaut pas la peine?<br \/>\nPour ma part je reste convaincu que l\u2019\u00e9cole publique est certainement le premier pas vers l\u2019objectif.  Mais encore faudrait-il la penser dans le respect du vivre-ensemble.  Notre pays est multiculturel et c\u2019est l\u00e0 son point fort et sa richesse, sa diversit\u00e9.<br \/>\nMohamed Mahmoud Ba Ould Ne<\/p>\n","protected":false},"excerpt":{"rendered":"<p>Comme on le dit en hassania c\u2019est une question de &#8220;Minerai&#8221;\u2026. J\u2019aurais certainement pu saisir l\u2019occasion de me taire comme beaucoup malheureusement le font mais c\u2019est \u00e0 force d\u2019adopter ce comportement face aux questions qui comptent que l\u2019on pousse de plus en plus vers l\u2019ab\u00eeme. Alors je me fends de ces quelques mots qui je &hellip;<\/p>\n","protected":false},"author":2,"featured_media":5859,"comment_status":"open","ping_status":"open","sticky":false,"template":"","format":"standard","meta":{"footnotes":""},"categories":[18,19],"tags":[],"class_list":["post-5858","post","type-post","status-publish","format-standard","has-post-thumbnail","hentry","category-actualites","category-tribune"],"_links":{"self":[{"href":"https:\/\/ladepeche.mr\/index.php?rest_route=\/wp\/v2\/posts\/5858","targetHints":{"allow":["GET"]}}],"collection":[{"href":"https:\/\/ladepeche.mr\/index.php?rest_route=\/wp\/v2\/posts"}],"about":[{"href":"https:\/\/ladepeche.mr\/index.php?rest_route=\/wp\/v2\/types\/post"}],"author":[{"embeddable":true,"href":"https:\/\/ladepeche.mr\/index.php?rest_route=\/wp\/v2\/users\/2"}],"replies":[{"embeddable":true,"href":"https:\/\/ladepeche.mr\/index.php?rest_route=%2Fwp%2Fv2%2Fcomments&post=5858"}],"version-history":[{"count":1,"href":"https:\/\/ladepeche.mr\/index.php?rest_route=\/wp\/v2\/posts\/5858\/revisions"}],"predecessor-version":[{"id":5860,"href":"https:\/\/ladepeche.mr\/index.php?rest_route=\/wp\/v2\/posts\/5858\/revisions\/5860"}],"wp:featuredmedia":[{"embeddable":true,"href":"https:\/\/ladepeche.mr\/index.php?rest_route=\/wp\/v2\/media\/5859"}],"wp:attachment":[{"href":"https:\/\/ladepeche.mr\/index.php?rest_route=%2Fwp%2Fv2%2Fmedia&parent=5858"}],"wp:term":[{"taxonomy":"category","embeddable":true,"href":"https:\/\/ladepeche.mr\/index.php?rest_route=%2Fwp%2Fv2%2Fcategories&post=5858"},{"taxonomy":"post_tag","embeddable":true,"href":"https:\/\/ladepeche.mr\/index.php?rest_route=%2Fwp%2Fv2%2Ftags&post=5858"}],"curies":[{"name":"wp","href":"https:\/\/api.w.org\/{rel}","templated":true}]}}