{"id":5861,"date":"2023-06-02T20:22:28","date_gmt":"2023-06-02T20:22:28","guid":{"rendered":"https:\/\/ladepeche.mr\/?p=5861"},"modified":"2023-06-02T20:22:39","modified_gmt":"2023-06-02T20:22:39","slug":"opposition-democratique-declaration","status":"publish","type":"post","link":"https:\/\/ladepeche.mr\/?p=5861","title":{"rendered":"Opposition d\u00e9mocratique: D\u00e9claration"},"content":{"rendered":"<p>L\u2019\u00e9chec du dialogue national inclusif, \u00e0 travers lequel les acteurs nationaux de l\u2019opposition et du pouvoir entendaient trouver des solutions consensuelles aux grands probl\u00e8mes nationaux (syst\u00e8me \u00e9lectoral, dossiers en suspens li\u00e9s \u00e0 l\u2019unit\u00e9 nationale et \u00e0 la coh\u00e9sion sociale, gouvernance \u00e9conomique\u2026), avait ramen\u00e9 une atmosph\u00e8re de crispation et de m\u00e9fiance entre les diff\u00e9rents acteurs politiques.<br \/>\nL\u2019opposition d\u00e9mocratique, attach\u00e9e \u00e0 la stabilit\u00e9 du pays et \u00e0 la concertation visant \u00e0 r\u00e9gler les grands probl\u00e8mes qui entravent son progr\u00e8s, avait accept\u00e9 de r\u00e9pondre \u00e0 l\u2019invitation du Minist\u00e8re de l\u2019Int\u00e9rieur et de la D\u00e9centration pour d\u00e9battre de la question de pr\u00e9paration des \u00e9lections pr\u00e9vues en 2023. Des \u00e9changes difficiles et laborieux finirent par aboutir \u00e0 un accord politique entre le Gouvernement et les Partis politiques, et une Commission tripartite de suivi (Minist\u00e8re de l\u2019Int\u00e9rieur, Partis politiques et CENI) fut institu\u00e9e. Mais le passage \u00e0 l\u2019application des clauses de l\u2019accord, en particulier celles relevant de la CENI, fut chaotique et d\u00e9cevant, du fait d\u2019une mise en \u0153uvre unilat\u00e9rale malgr\u00e9 les mises en garde r\u00e9p\u00e9t\u00e9es de l\u2019Opposition d\u00e9mocratique. Une date inadapt\u00e9e fut impos\u00e9e pour des scrutins techniquement complexes ; l\u2019improvisation et le travail b\u00e2cl\u00e9 marqu\u00e8rent la gestion des op\u00e9rations et toutes les portes furent ouvertes \u00e0 un d\u00e9sordre g\u00e9n\u00e9ralis\u00e9 : le recensement, les bureaux de vote, les d\u00e9pouillements et la transmission des r\u00e9sultats donn\u00e8rent lieu \u00e0 une fraude massive, y compris informatique. La corruption, le trafic d\u2019influence et les intimidations ont eu libre court, transformant les \u00e9lections en un vaste march\u00e9 d\u2019achat de consciences et de tractations o\u00f9 ne comptent d\u00e9sormais que les puissances de l\u2019argent, administratives ou tribales.<br \/>\nUne telle conduite du processus \u00e9lectoral ne pouvait, en aucun cas, permettre d\u2019atteindre l\u2019objectif fix\u00e9, celui d\u2019avoir un scrutin transparent, cr\u00e9dible dont les r\u00e9sultats seraient acceptables par tous. Le g\u00e2chis est \u00e9norme et la d\u00e9ception de l\u2019opinion publique est grande, car le pays inaugure une nouvelle crise \u00e9lectorale qui survient dans un contexte de crises sociale et s\u00e9curitaire profondes comme en t\u00e9moignent les derniers \u00e9v\u00e8nements douloureux, marqu\u00e9s par la mort d\u2019Oumar Diop, \u00e0 la suite de son arrestation au commissariat 1 de Sebkha et de Mohamed Lemine Samba, lors d\u2019une manifestation \u00e0 Bogh\u00e9. Le d\u00e9c\u00e8s de ces deux jeunes citoyens, qui rappelle celui de Soufi Ould Chein, fut suivi d\u2019une vague d\u2019indignation aux cons\u00e9quences impr\u00e9visibles, \u00e0 Nouakchott et dans d\u2019autres villes de l\u2019int\u00e9rieur du pays. Ces d\u00e9veloppements dramatiques r\u00e9v\u00e8lent, encore une fois, le danger de la r\u00e9pression et la gravit\u00e9 du ras-le-bol au niveau des jeunes, frapp\u00e9s par le ch\u00f4mage et la pr\u00e9carit\u00e9 end\u00e9miques.<br \/>\nNous, partis signataires de la pr\u00e9sente d\u00e9claration :<br \/>\n-pr\u00e9sentons nos condol\u00e9ances les plus attrist\u00e9e aux familles des victimes et exigeons une enqu\u00eate rapide et juste sur les circonstances de leur mort ;<br \/>\n-r\u00e9clamons la prise de sanctions contre les responsables s\u00e9curitaires concern\u00e9s par la r\u00e9p\u00e9tition de cas similaires et d\u2019infliger les plus lourdes peines aux auteurs des meurtres en cause et de pratiques de torture, et \u00e0 affronter le d\u00e9fi de l\u2019ins\u00e9curit\u00e9 ambiante, avant qu\u2019il ne soit trop tard ;<br \/>\n-condamnons toute forme de violence, qu&#8217;elle provienne des services de s\u00e9curit\u00e9 ou des manifestants, ainsi que toute d\u00e9rive qui transforme les manifestations pacifiques en actes d\u2019intimidation des citoyens ou de vandalisme sur les biens publics et priv\u00e9s, et appelons \u00e0 la vigilance contre tout acte ou parole qui peut constituer une atteinte \u00e0 l&#8217;unit\u00e9 nationale et la paix civile ;<br \/>\n-appelons les autorit\u00e9s publiques \u00e0 prendre la mesure de la gravit\u00e9 des crises dans notre pays, entour\u00e9 d\u2019un environnement sah\u00e9lo-saharien trouble, et \u00e0 s\u2019orienter vers une politique d\u2019entente nationale pour conjurer les dangers qui nous guettent ;<br \/>\n-r\u00e9affirmons notre demande de reprise de l\u2019ensemble du processus \u00e9lectoral de fa\u00e7on consensuelle pour ramener la confiance entre les acteurs politiques, gage d\u2019une normalisation du fonctionnement de nos institutions ;<br \/>\n-exhortons le Gouvernement \u00e0 trouver, dans le cadre de la Commission de suivi de l\u2019accord politique, une solution de sortie de la crise \u00e9lectorale qui risque d\u2019\u00e9voluer vers une crise politique, laquelle solution devrait prendre en consid\u00e9ration les revendications exprim\u00e9es, en grande majorit\u00e9, par les partis politiques (opposition et majorit\u00e9) ;<br \/>\n-r\u00e9clamons la dissolution de la Commission \u00e9lectorale et la r\u00e9forme du syst\u00e8me \u00e9lectoral dans son ensemble sur des bases acceptables pour tous.<\/p>\n<p>Nouakchott, le 12 Dhou Al Quida 1444 &#8211; 02 Juin 2023<br \/>\nLes partis signataires :<br \/>\n-Alliance Populaire Progressiste (APP)<br \/>\n-Front R\u00e9publicain pour l&#8217;Unit\u00e9 et la D\u00e9mocratie (FRUD)<br \/>\n-Parti SAWAB<br \/>\n-Rassemblement des Forces D\u00e9mocratiques (RFD)<br \/>\n-Rassemblement National pour la R\u00e9forme et le D\u00e9veloppement (TAWASSOUL)<br \/>\n-Union des Forces du Progr\u00e8s (UFP)<\/p>\n","protected":false},"excerpt":{"rendered":"<p>L\u2019\u00e9chec du dialogue national inclusif, \u00e0 travers lequel les acteurs nationaux de l\u2019opposition et du pouvoir entendaient trouver des solutions consensuelles aux grands probl\u00e8mes nationaux (syst\u00e8me \u00e9lectoral, dossiers en suspens li\u00e9s \u00e0 l\u2019unit\u00e9 nationale et \u00e0 la coh\u00e9sion sociale, gouvernance \u00e9conomique\u2026), avait ramen\u00e9 une atmosph\u00e8re de crispation et de m\u00e9fiance entre les diff\u00e9rents acteurs politiques. &hellip;<\/p>\n","protected":false},"author":2,"featured_media":0,"comment_status":"open","ping_status":"open","sticky":false,"template":"","format":"standard","meta":{"footnotes":""},"categories":[18],"tags":[],"class_list":["post-5861","post","type-post","status-publish","format-standard","hentry","category-actualites"],"_links":{"self":[{"href":"https:\/\/ladepeche.mr\/index.php?rest_route=\/wp\/v2\/posts\/5861","targetHints":{"allow":["GET"]}}],"collection":[{"href":"https:\/\/ladepeche.mr\/index.php?rest_route=\/wp\/v2\/posts"}],"about":[{"href":"https:\/\/ladepeche.mr\/index.php?rest_route=\/wp\/v2\/types\/post"}],"author":[{"embeddable":true,"href":"https:\/\/ladepeche.mr\/index.php?rest_route=\/wp\/v2\/users\/2"}],"replies":[{"embeddable":true,"href":"https:\/\/ladepeche.mr\/index.php?rest_route=%2Fwp%2Fv2%2Fcomments&post=5861"}],"version-history":[{"count":1,"href":"https:\/\/ladepeche.mr\/index.php?rest_route=\/wp\/v2\/posts\/5861\/revisions"}],"predecessor-version":[{"id":5862,"href":"https:\/\/ladepeche.mr\/index.php?rest_route=\/wp\/v2\/posts\/5861\/revisions\/5862"}],"wp:attachment":[{"href":"https:\/\/ladepeche.mr\/index.php?rest_route=%2Fwp%2Fv2%2Fmedia&parent=5861"}],"wp:term":[{"taxonomy":"category","embeddable":true,"href":"https:\/\/ladepeche.mr\/index.php?rest_route=%2Fwp%2Fv2%2Fcategories&post=5861"},{"taxonomy":"post_tag","embeddable":true,"href":"https:\/\/ladepeche.mr\/index.php?rest_route=%2Fwp%2Fv2%2Ftags&post=5861"}],"curies":[{"name":"wp","href":"https:\/\/api.w.org\/{rel}","templated":true}]}}