{"id":5866,"date":"2023-06-03T13:01:43","date_gmt":"2023-06-03T13:01:43","guid":{"rendered":"https:\/\/ladepeche.mr\/?p=5866"},"modified":"2023-06-03T13:53:24","modified_gmt":"2023-06-03T13:53:24","slug":"justice-condamne-en-correctionnelle-un-presume-violeur-acquitte-par-la-cour-dappel-daleg","status":"publish","type":"post","link":"https:\/\/ladepeche.mr\/?p=5866","title":{"rendered":"Justice : Condamn\u00e9 en correctionnelle, \u00e0 Nouadhibou, un pr\u00e9sum\u00e9 violeur acquitt\u00e9 par la Cour d\u2019appel d\u2019Aleg"},"content":{"rendered":"<p>Condamn\u00e9 une premi\u00e8re fois par la cour correctionnelle du tribunal de Nouadhibou \u00e0 10 ans de prison, un homme pr\u00e9sum\u00e9 coupable du viol de Warda Oumar Dahmed, a tout simplement \u00e9t\u00e9 acquitt\u00e9 par la cour d\u2019appel d\u2019Aleg qui se serait saisie du dossier.<br \/>\nSelon l\u2019un des avocats, la cour d\u2019appel de Nouadhibou aurait m\u00eame aggrav\u00e9 la condamnation du pr\u00e9sum\u00e9 coupable jusqu\u2019\u00e0 20 ans. Une d\u00e9cision finalement annul\u00e9e par la cour supr\u00eame qui a renvoy\u00e9 le dossier devant la cour d\u2019appel de NDB autrement compos\u00e9e.<br \/>\nLa d\u00e9cision de la cour d\u2019Aleg est critiqu\u00e9e par le collectif de d\u00e9fense de Warda Oumar Dahmed qui s\u2019\u00e9tonnerait \u00e9galement de la d\u00e9cision prise par cette instance en l\u2019absence de la d\u00e9fense qui n\u2019aurait re\u00e7ue aucune convocation pour assister \u00e0 ce verdict alors que la loi pr\u00e9voit qu\u2019une assignation devrait \u00eatre adress\u00e9e \u00e0 chacune des parties.<br \/>\nLes avocats de la pr\u00e9sum\u00e9e victime disent \u00eatre d\u00e9boussol\u00e9s par la d\u00e9cision de la cour qui apr\u00e8s une condamnation \u00e0 10 ans d\u2019emprisonnement du pr\u00e9sum\u00e9 coupable, ce dernier s\u2019est tout simplement retrouv\u00e9 blanchi. <\/p>\n","protected":false},"excerpt":{"rendered":"<p>Condamn\u00e9 une premi\u00e8re fois par la cour correctionnelle du tribunal de Nouadhibou \u00e0 10 ans de prison, un homme pr\u00e9sum\u00e9 coupable du viol de Warda Oumar Dahmed, a tout simplement \u00e9t\u00e9 acquitt\u00e9 par la cour d\u2019appel d\u2019Aleg qui se serait saisie du dossier. Selon l\u2019un des avocats, la cour d\u2019appel de Nouadhibou aurait m\u00eame aggrav\u00e9 &hellip;<\/p>\n","protected":false},"author":2,"featured_media":5867,"comment_status":"open","ping_status":"open","sticky":false,"template":"","format":"standard","meta":{"footnotes":""},"categories":[18],"tags":[],"class_list":["post-5866","post","type-post","status-publish","format-standard","has-post-thumbnail","hentry","category-actualites"],"_links":{"self":[{"href":"https:\/\/ladepeche.mr\/index.php?rest_route=\/wp\/v2\/posts\/5866","targetHints":{"allow":["GET"]}}],"collection":[{"href":"https:\/\/ladepeche.mr\/index.php?rest_route=\/wp\/v2\/posts"}],"about":[{"href":"https:\/\/ladepeche.mr\/index.php?rest_route=\/wp\/v2\/types\/post"}],"author":[{"embeddable":true,"href":"https:\/\/ladepeche.mr\/index.php?rest_route=\/wp\/v2\/users\/2"}],"replies":[{"embeddable":true,"href":"https:\/\/ladepeche.mr\/index.php?rest_route=%2Fwp%2Fv2%2Fcomments&post=5866"}],"version-history":[{"count":3,"href":"https:\/\/ladepeche.mr\/index.php?rest_route=\/wp\/v2\/posts\/5866\/revisions"}],"predecessor-version":[{"id":5877,"href":"https:\/\/ladepeche.mr\/index.php?rest_route=\/wp\/v2\/posts\/5866\/revisions\/5877"}],"wp:featuredmedia":[{"embeddable":true,"href":"https:\/\/ladepeche.mr\/index.php?rest_route=\/wp\/v2\/media\/5867"}],"wp:attachment":[{"href":"https:\/\/ladepeche.mr\/index.php?rest_route=%2Fwp%2Fv2%2Fmedia&parent=5866"}],"wp:term":[{"taxonomy":"category","embeddable":true,"href":"https:\/\/ladepeche.mr\/index.php?rest_route=%2Fwp%2Fv2%2Fcategories&post=5866"},{"taxonomy":"post_tag","embeddable":true,"href":"https:\/\/ladepeche.mr\/index.php?rest_route=%2Fwp%2Fv2%2Ftags&post=5866"}],"curies":[{"name":"wp","href":"https:\/\/api.w.org\/{rel}","templated":true}]}}