{"id":5870,"date":"2023-06-03T13:08:11","date_gmt":"2023-06-03T13:08:11","guid":{"rendered":"https:\/\/ladepeche.mr\/?p=5870"},"modified":"2023-06-03T13:08:11","modified_gmt":"2023-06-03T13:08:11","slug":"senegal-des-militaires-deployes-a-dakar-amnesty-international-juge-la-situation-tres-preoccupante","status":"publish","type":"post","link":"https:\/\/ladepeche.mr\/?p=5870","title":{"rendered":"S\u00e9n\u00e9gal: des militaires d\u00e9ploy\u00e9s \u00e0 Dakar, Amnesty International juge la situation \u00abtr\u00e8s pr\u00e9occupante\u00bb"},"content":{"rendered":"<p>Le S\u00e9n\u00e9gal est toujours sous haute tension apr\u00e8s la condamnation \u00e0 deux ans ferme d&#8217;Ousmane Sonko pour \u00ab corruption de la jeunesse \u00bb. Depuis jeudi, les rues de Dakar et Ziguinchor sont notamment le th\u00e9\u00e2tre d&#8217;affrontements entre manifestants et forces de l&#8217;ordre. Ces affrontements violents ont d\u00e9j\u00e0 caus\u00e9 la mort de dix personnes, tandis que les militaires ont \u00e9t\u00e9 d\u00e9ploy\u00e9s dans plusieurs secteurs de la capitale.<br \/>\nFace aux manifestations qui ont suivi la condamnation d&#8217;Ousmane Sonko, des v\u00e9hicules de l\u2019arm\u00e9e et des militaires ont \u00e9t\u00e9 positionn\u00e9s vendredi 2 juin dans plusieurs secteurs de Dakar. Mais uniquement pour s\u00e9curiser des sites jug\u00e9s strat\u00e9giques, selon Maham Ka, le porte-parole du minist\u00e8re de l&#8217;Int\u00e9rieur \u00e0 la RTS, la radio-t\u00e9l\u00e9vision nationale. \u00ab Toutes les pr\u00e9cautions d\u2019organisations de d\u00e9fense et de s\u00e9curit\u00e9 ont \u00e9t\u00e9 prises, et c\u2019est bien organis\u00e9, a-t-il estim\u00e9. Ce sont des forces de cat\u00e9gorie 1, 2 et 3. La police, la gendarmerie et l\u2019arm\u00e9e, et chacun en cas de troubles, a son r\u00f4le \u00e0 jouer. On a des policiers qui sont positionn\u00e9s dans certains secteurs qui jouent un r\u00f4le, les gendarmes qui en jouent un autre et les militaires qui sont positionn\u00e9s juste pour le moment dans des endroits dits strat\u00e9giques. \u00bb<\/p>\n<p>Le porte-parole du minist\u00e8re de l&#8217;Int\u00e9rieur conc\u00e8de \u00ab qu\u2018il y a des troubles, c\u2019est vrai \u00bb et insiste sur un point : les militaires n\u2019assurent pas le maintien de l\u2019ordre. Tout cela, \u00ab c\u2019est le travail de la police et de la gendarmerie \u00bb. \u00ab Il y a des manifestations, mais c\u2019est en train d\u2019\u00eatre g\u00e9r\u00e9 correctement par les forces de police et de gendarmerie. Maintenant, \u00e0 chaque fois qu\u2019il y a des soucis, il y a des installations strat\u00e9giques qui sont vitales &#8211; on peut penser \u00e0 des installations de t\u00e9l\u00e9communications ou des choses comme \u00e7a, d\u2019\u00e9nergie, etc. -, o\u00f9 on doit placer des forces militaires qui sont pour le moment seulement positionn\u00e9es. Et ils ne font aucun travail de maintien de l\u2019ordre. C\u2019est juste un positionnement normal en cas de troubles \u00bb, a indiqu\u00e9 Maham Ka.<\/p>\n<p>\u00ab Le recours \u00e0 la force a d\u00e9pass\u00e9 toutes les limites \u00bb<br \/>\nLe ministre de l&#8217;Int\u00e9rieur, Antoine F\u00e9lix Diome, a annonc\u00e9 la restriction de l&#8217;acc\u00e8s aux r\u00e9seaux sociaux et \u00e0 certains services de messagerie \u00ab par lesquels se font des appels \u00e0 la violence et \u00e0 la haine \u00bb, a-t-il d\u00e9clar\u00e9. Une d\u00e9cision que condamne Amnesty International.<\/p>\n<p>L\u2019ONG est par ailleurs tr\u00e8s pr\u00e9occup\u00e9e par un usage disproportionn\u00e9 de la force par les forces de l&#8217;ordre. \u00ab Les armes \u00e0 feu ne doivent \u00eatre utilis\u00e9es que pour prot\u00e9ger sa propre vie et la vie d\u2019autrui. Nous n\u2019avons pas vu ce genre de situation dans les diff\u00e9rents \u00e9l\u00e9ments qui ont circul\u00e9 dans les r\u00e9seaux sociaux et dans les t\u00e9l\u00e9visions. Certes, les protestations \u00e9taient violentes, mais le recours \u00e0 la force a d\u00e9pass\u00e9 toutes les limites \u00bb, estime le directeur ex\u00e9cutif de la branche s\u00e9n\u00e9galaise d\u2019Amnesty, Seydi Gassama, joint par RFI.  <\/p>\n<p>\u00ab Vous avez toujours le ministre de l\u2019Int\u00e9rieur qui fait des communiqu\u00e9s pour mettre en cause les manifestants. Mais jusqu\u2019ici toutes les autopsies qui ont \u00e9t\u00e9 pratiqu\u00e9es, et nous attendons les autopsies des personnes d\u00e9c\u00e9d\u00e9es hier (ce jeudi 1er juin.-NDLR), ont d\u00e9menti les d\u00e9clarations du ministre de l\u2019Int\u00e9rieur, confirmant que ces personnes ont \u00e9t\u00e9 tu\u00e9es par balles r\u00e9elles. C\u2019est une situation \u00e9videmment tr\u00e8s pr\u00e9occupante qui pourrait perdurer si les autorit\u00e9s ne font pas preuve de retenue \u00bb, poursuit-il.  <\/p>\n<p>Seydi Gassama constate \u00ab la d\u00e9termination des partisans d\u2019Ousmane Sonko et m\u00eame des S\u00e9n\u00e9galais \u00bb.\u00ab Ceux qui manifestent vont au-del\u00e0 du parti Pastef (Patriotes africains du S\u00e9n\u00e9gal pour le travail, l&#8217;\u00e9thique et la fraternit\u00e9) \u00bb, dit-il. \u00ab Ce sont des jeunes S\u00e9n\u00e9galais qui consid\u00e8rent que le verdict qui a \u00e9t\u00e9 rendu est un verdict qui entre dans les plans de Macky Sall, d\u2019\u00e9liminer un candidat important \u00e0 l\u2019\u00e9lection pr\u00e9sidentielle comme il l\u2019a fait dans le pass\u00e9 avec Karim Wade ou Khalifa Sall, toujours en utilisant la justice s\u00e9n\u00e9galaise. \u00bb<br \/>\nhttps:\/\/www.rfi.fr\/fr\/afrique\/20230603-s%C3%A9n%C3%A9gal-des-militaires-d%C3%A9ploy%C3%A9s-%C3%A0-dakar-amnesty-international-juge-la-situation-tr%C3%A8s-pr%C3%A9occupante?_ope=eyJndWlkIjoiOTMwMjIwNGY3ZmZhNzMxODU0NDI3OTA1ZjdiOTc4NGUifQ%3D%3D<\/p>\n","protected":false},"excerpt":{"rendered":"<p>Le S\u00e9n\u00e9gal est toujours sous haute tension apr\u00e8s la condamnation \u00e0 deux ans ferme d&#8217;Ousmane Sonko pour \u00ab corruption de la jeunesse \u00bb. Depuis jeudi, les rues de Dakar et Ziguinchor sont notamment le th\u00e9\u00e2tre d&#8217;affrontements entre manifestants et forces de l&#8217;ordre. Ces affrontements violents ont d\u00e9j\u00e0 caus\u00e9 la mort de dix personnes, tandis que &hellip;<\/p>\n","protected":false},"author":2,"featured_media":5871,"comment_status":"open","ping_status":"open","sticky":false,"template":"","format":"standard","meta":{"footnotes":""},"categories":[18,29],"tags":[],"class_list":["post-5870","post","type-post","status-publish","format-standard","has-post-thumbnail","hentry","category-actualites","category-monde"],"_links":{"self":[{"href":"https:\/\/ladepeche.mr\/index.php?rest_route=\/wp\/v2\/posts\/5870","targetHints":{"allow":["GET"]}}],"collection":[{"href":"https:\/\/ladepeche.mr\/index.php?rest_route=\/wp\/v2\/posts"}],"about":[{"href":"https:\/\/ladepeche.mr\/index.php?rest_route=\/wp\/v2\/types\/post"}],"author":[{"embeddable":true,"href":"https:\/\/ladepeche.mr\/index.php?rest_route=\/wp\/v2\/users\/2"}],"replies":[{"embeddable":true,"href":"https:\/\/ladepeche.mr\/index.php?rest_route=%2Fwp%2Fv2%2Fcomments&post=5870"}],"version-history":[{"count":1,"href":"https:\/\/ladepeche.mr\/index.php?rest_route=\/wp\/v2\/posts\/5870\/revisions"}],"predecessor-version":[{"id":5872,"href":"https:\/\/ladepeche.mr\/index.php?rest_route=\/wp\/v2\/posts\/5870\/revisions\/5872"}],"wp:featuredmedia":[{"embeddable":true,"href":"https:\/\/ladepeche.mr\/index.php?rest_route=\/wp\/v2\/media\/5871"}],"wp:attachment":[{"href":"https:\/\/ladepeche.mr\/index.php?rest_route=%2Fwp%2Fv2%2Fmedia&parent=5870"}],"wp:term":[{"taxonomy":"category","embeddable":true,"href":"https:\/\/ladepeche.mr\/index.php?rest_route=%2Fwp%2Fv2%2Fcategories&post=5870"},{"taxonomy":"post_tag","embeddable":true,"href":"https:\/\/ladepeche.mr\/index.php?rest_route=%2Fwp%2Fv2%2Ftags&post=5870"}],"curies":[{"name":"wp","href":"https:\/\/api.w.org\/{rel}","templated":true}]}}