{"id":5873,"date":"2023-06-03T13:36:16","date_gmt":"2023-06-03T13:36:16","guid":{"rendered":"https:\/\/ladepeche.mr\/?p=5873"},"modified":"2023-06-03T13:36:50","modified_gmt":"2023-06-03T13:36:50","slug":"parquet-du-brakna-mohamed-lemine-ould-samba-inhume-par-la-mairie-de-boghe","status":"publish","type":"post","link":"https:\/\/ladepeche.mr\/?p=5873","title":{"rendered":"Parquet du Brakna: Feu Mohamed Lemine Ould Samba inhum\u00e9 par la mairie de Bogh\u00e9"},"content":{"rendered":"<p>Le procureur de la R\u00e9publique de la wilaya du Brakna, Cheikh Baye Ould Seyid, a d\u00e9clar\u00e9, dans un communiqu\u00e9 rendu public, que face au refus de la famille de feu Mohamed Lemine Samba \u00e0 Bogh\u00e9 d\u2019inhumer son fils, la justice en a charg\u00e9 la commune de Bogh\u00e9 de le faire selon le rituel mcompte tenu de l\u2019inutilit\u00e9 d\u2019une autopsie en raison de la clart\u00e9 de la cause du d\u00e9c\u00e8s et des risques de d\u00e9composition du corps. Un rapport m\u00e9dical constatant la mort du manifestant aurait \u00e9t\u00e9 \u00e9tabli.<br \/>\nLe procureur a encore pr\u00e9cis\u00e9 que l\u2019enqu\u00eate sur les conditions et les circonstances du d\u00e9c\u00e8s du manifestant Mohamed Lemine Ould Samba se poursuivait et que l\u2019opinion publique serait inform\u00e9e en temps opportun de ses r\u00e9sultats.<br \/>\nLes proches du manifestant mort dans les incidents qui ont suivi la mort dans un commissariat de police de Sebkha de Diop Omar, n\u2019auraient pas assist\u00e9 \u00e0 la lev\u00e9e du corps par la municipalit\u00e9 de Bogh\u00e9.<br \/>\nSelon le parquet Mohamed Lemine Ould Samba faisait partie des manifestants qui auraient tent\u00e9, mardi, de prendre d\u2019assaut le commissariat de police de la ville occasionnant la blessure de trois \u00e9l\u00e9ments de la police. Mohamed Lemine Samba serait mort des suites d\u2019un coup de feu, selon le communiqu\u00e9 du parquet.<\/p>\n<p>Lors d\u2019une conf\u00e9rence de presse, suite \u00e0 ces \u00e9v\u00e9nements, le ministre de l\u2019int\u00e9rieur et de la D\u00e9centralisation, Mohamed Mahmoud Ould Mohamed Lemine avait affirm\u00e9 qu\u2019une enqu\u00eate judiciaire au sujet d\u2019Oumar Diop et de Mohamed Lemine Ould Samba \u00e9tait en cours et que la v\u00e9rit\u00e9 sur les circonstances de leurs morts sera \u00e9tablie.<\/p>\n","protected":false},"excerpt":{"rendered":"<p>Le procureur de la R\u00e9publique de la wilaya du Brakna, Cheikh Baye Ould Seyid, a d\u00e9clar\u00e9, dans un communiqu\u00e9 rendu public, que face au refus de la famille de feu Mohamed Lemine Samba \u00e0 Bogh\u00e9 d\u2019inhumer son fils, la justice en a charg\u00e9 la commune de Bogh\u00e9 de le faire selon le rituel mcompte tenu &hellip;<\/p>\n","protected":false},"author":2,"featured_media":5874,"comment_status":"open","ping_status":"open","sticky":false,"template":"","format":"standard","meta":{"footnotes":""},"categories":[18],"tags":[],"class_list":["post-5873","post","type-post","status-publish","format-standard","has-post-thumbnail","hentry","category-actualites"],"_links":{"self":[{"href":"https:\/\/ladepeche.mr\/index.php?rest_route=\/wp\/v2\/posts\/5873","targetHints":{"allow":["GET"]}}],"collection":[{"href":"https:\/\/ladepeche.mr\/index.php?rest_route=\/wp\/v2\/posts"}],"about":[{"href":"https:\/\/ladepeche.mr\/index.php?rest_route=\/wp\/v2\/types\/post"}],"author":[{"embeddable":true,"href":"https:\/\/ladepeche.mr\/index.php?rest_route=\/wp\/v2\/users\/2"}],"replies":[{"embeddable":true,"href":"https:\/\/ladepeche.mr\/index.php?rest_route=%2Fwp%2Fv2%2Fcomments&post=5873"}],"version-history":[{"count":2,"href":"https:\/\/ladepeche.mr\/index.php?rest_route=\/wp\/v2\/posts\/5873\/revisions"}],"predecessor-version":[{"id":5876,"href":"https:\/\/ladepeche.mr\/index.php?rest_route=\/wp\/v2\/posts\/5873\/revisions\/5876"}],"wp:featuredmedia":[{"embeddable":true,"href":"https:\/\/ladepeche.mr\/index.php?rest_route=\/wp\/v2\/media\/5874"}],"wp:attachment":[{"href":"https:\/\/ladepeche.mr\/index.php?rest_route=%2Fwp%2Fv2%2Fmedia&parent=5873"}],"wp:term":[{"taxonomy":"category","embeddable":true,"href":"https:\/\/ladepeche.mr\/index.php?rest_route=%2Fwp%2Fv2%2Fcategories&post=5873"},{"taxonomy":"post_tag","embeddable":true,"href":"https:\/\/ladepeche.mr\/index.php?rest_route=%2Fwp%2Fv2%2Ftags&post=5873"}],"curies":[{"name":"wp","href":"https:\/\/api.w.org\/{rel}","templated":true}]}}