{"id":5882,"date":"2023-06-03T14:14:35","date_gmt":"2023-06-03T14:14:35","guid":{"rendered":"https:\/\/ladepeche.mr\/?p=5882"},"modified":"2023-06-03T14:14:35","modified_gmt":"2023-06-03T14:14:35","slug":"tchad-polemique-apres-ladoption-dun-avant-projet-de-constitution-par-le-conseil-des-ministres","status":"publish","type":"post","link":"https:\/\/ladepeche.mr\/?p=5882","title":{"rendered":"Tchad: pol\u00e9mique apr\u00e8s l&#8217;adoption d&#8217;un avant-projet de Constitution par le Conseil des ministres"},"content":{"rendered":"<p>L&#8217;opposition s&#8217;est soulev\u00e9e, au Tchad, apr\u00e8s l&#8217;adoption, vendredi 2 juin, par le Conseil des ministres, d&#8217;un avant-projet de Constitution. Elle d\u00e9nonce une \u00ab filouterie politique \u00bb. Le texte doit \u00eatre soumis au r\u00e9f\u00e9rendum populaire cette ann\u00e9e selon le calendrier adopt\u00e9 par le Conorec, l&#8217;organe charg\u00e9 de son organisation.<br \/>\nL&#8217;opposition tchadienne n&#8217;a pas attendu d&#8217;avoir vu l&#8217;avant-projet de Constitution pour s&#8217;y opposer. Plusieurs leaders se sont mis \u00e0 d\u00e9noncer un choix qui trahi, selon eux, \u00ab l&#8217;esprit et la lettre du dialogue national inclusif et souverain \u00bb. C&#8217;est le cas de Th\u00e9ophile Bongoro, \u00e0 la t\u00eate de l&#8217;Alliance Victoire. Il accuse le gouvernement de vouloir forcer la main au peuple tchadien : \u00ab L\u00e0, c\u2019est du banditisme pur et simple parce qu\u2019on est en train de forcer la main au peuple pour choisir une seule forme de l\u2019\u00c9tat qu\u2019est l\u2019\u00c9tat unitaire. Or, le r\u00e9f\u00e9rendum devait porter sur : Voulez-vous un \u00c9tat unitaire ou bien voulez-vous un \u00c9tat d\u00e9centralis\u00e9 ? Et il y avait la Constitution qui sied \u00e0 chacune de ces deux formes d\u2019\u00c9tat. Mais l\u00e0, ce n\u2019est ni plus ni moins que de la filouterie politique \u00bb.<\/p>\n<p>Le gouvernement tchadien n&#8217;a pas voulu r\u00e9agir, pour le moment, mais une source gouvernementale rappelle que lors d&#8217;un r\u00e9f\u00e9rendum, on pose une question simple \u00e0 laquelle on r\u00e9pond par oui ou par non.<\/p>\n<p>\u00ab Est-ce que vous \u00eates pour un \u00c9tat unitaire ou un \u00c9tat f\u00e9d\u00e9ral ? \u00bb<br \/>\nM\u00eame son du c\u00f4t\u00e9 du MPS, le parti de l&#8217;ancien pr\u00e9sident d\u00e9funt Idriss Deby Itno. C&#8217;est impossible de pr\u00e9parer, en m\u00eame temps, les deux projets de Constitution, explique le porte-parole du MPS, Jean-Bernard Padar\u00e9: \u00ab Lors du vote, on posera la question : est-ce que vous \u00eates pour un \u00c9tat unitaire ou un \u00c9tat f\u00e9d\u00e9ral ? Parce qu\u2019en effet, si aujourd\u2019hui, vous demandez \u00e0 ce qu\u2019on pr\u00e9sente deux Constitutions, on ne sait m\u00eame pas combien d\u2019\u00c9tats f\u00e9d\u00e9r\u00e9s on aura \u00bb.<\/p>\n<p>Cet avant-projet devra \u00eatre adopt\u00e9 par le Conseil national de transition, une simple formalit\u00e9 au vu de sa composition, selon l&#8217;opposition, avant d&#8217;\u00eatre soumis \u00e0 un r\u00e9f\u00e9rendum populaire vers la fin de l&#8217;ann\u00e9e, si tout se passe comme pr\u00e9vu. C&#8217;est lors du dialogue national inclusif et souverain d&#8217;aout 2023 \u00e0 N&#8217;Djamena, et qui avait \u00e9t\u00e9 boycott\u00e9 par une partie de l&#8217;opposition, que les parties avaient d\u00e9cid\u00e9 de laisser le peuple faire son choix. \u00ab C\u2019est donc ce qui va \u00eatre fait \u00bb, expliquent les soutiens du pouvoir.<br \/>\nRFI<\/p>\n","protected":false},"excerpt":{"rendered":"<p>L&#8217;opposition s&#8217;est soulev\u00e9e, au Tchad, apr\u00e8s l&#8217;adoption, vendredi 2 juin, par le Conseil des ministres, d&#8217;un avant-projet de Constitution. Elle d\u00e9nonce une \u00ab filouterie politique \u00bb. Le texte doit \u00eatre soumis au r\u00e9f\u00e9rendum populaire cette ann\u00e9e selon le calendrier adopt\u00e9 par le Conorec, l&#8217;organe charg\u00e9 de son organisation. L&#8217;opposition tchadienne n&#8217;a pas attendu d&#8217;avoir vu &hellip;<\/p>\n","protected":false},"author":2,"featured_media":5883,"comment_status":"open","ping_status":"open","sticky":false,"template":"","format":"standard","meta":{"footnotes":""},"categories":[28],"tags":[],"class_list":["post-5882","post","type-post","status-publish","format-standard","has-post-thumbnail","hentry","category-sahel"],"_links":{"self":[{"href":"https:\/\/ladepeche.mr\/index.php?rest_route=\/wp\/v2\/posts\/5882","targetHints":{"allow":["GET"]}}],"collection":[{"href":"https:\/\/ladepeche.mr\/index.php?rest_route=\/wp\/v2\/posts"}],"about":[{"href":"https:\/\/ladepeche.mr\/index.php?rest_route=\/wp\/v2\/types\/post"}],"author":[{"embeddable":true,"href":"https:\/\/ladepeche.mr\/index.php?rest_route=\/wp\/v2\/users\/2"}],"replies":[{"embeddable":true,"href":"https:\/\/ladepeche.mr\/index.php?rest_route=%2Fwp%2Fv2%2Fcomments&post=5882"}],"version-history":[{"count":1,"href":"https:\/\/ladepeche.mr\/index.php?rest_route=\/wp\/v2\/posts\/5882\/revisions"}],"predecessor-version":[{"id":5884,"href":"https:\/\/ladepeche.mr\/index.php?rest_route=\/wp\/v2\/posts\/5882\/revisions\/5884"}],"wp:featuredmedia":[{"embeddable":true,"href":"https:\/\/ladepeche.mr\/index.php?rest_route=\/wp\/v2\/media\/5883"}],"wp:attachment":[{"href":"https:\/\/ladepeche.mr\/index.php?rest_route=%2Fwp%2Fv2%2Fmedia&parent=5882"}],"wp:term":[{"taxonomy":"category","embeddable":true,"href":"https:\/\/ladepeche.mr\/index.php?rest_route=%2Fwp%2Fv2%2Fcategories&post=5882"},{"taxonomy":"post_tag","embeddable":true,"href":"https:\/\/ladepeche.mr\/index.php?rest_route=%2Fwp%2Fv2%2Ftags&post=5882"}],"curies":[{"name":"wp","href":"https:\/\/api.w.org\/{rel}","templated":true}]}}