{"id":5888,"date":"2023-06-03T16:00:27","date_gmt":"2023-06-03T16:00:27","guid":{"rendered":"https:\/\/ladepeche.mr\/?p=5888"},"modified":"2023-06-03T14:20:42","modified_gmt":"2023-06-03T14:20:42","slug":"le-ministere-de-linterieur-et-de-la-decentralisation-fixe-la-date-de-linstallation-des-conseils-regionaux-au-samedi-10-juin-2023","status":"publish","type":"post","link":"https:\/\/ladepeche.mr\/?p=5888","title":{"rendered":"Le minist\u00e8re de l\u2019int\u00e9rieur et de la d\u00e9centralisation fixe la date de l\u2019installation des Conseils r\u00e9gionaux au samedi 10 juin 2023"},"content":{"rendered":"<p>Dans un communiqu\u00e9 rendu public vendredi, le minist\u00e8re de l\u2019Int\u00e9rieur et de la D\u00e9centralisation convoque les conseils r\u00e9gionaux nouvellement \u00e9lus dans les wilayas du Hodh El Chargui, Hodh El Gharbi, Assaba, Gorgol, Brakna, Trarza, Adrar, Dakhlet Nouadhibou, Tagant, Tiris Zemmour, Inchiri et Nouakchott, en r\u00e9unions extraordinaires le 10 juin 2023 \u00e0 10h aux si\u00e8ges des R\u00e9gions pour l\u2019installation des pr\u00e9sidents et l\u2019\u00e9lection des vice-pr\u00e9sidents des conseils r\u00e9gionaux.<\/p>\n<p>Le communiqu\u00e9 ajoute que les conseillers r\u00e9gionaux \u00e9lus sont pri\u00e9s de prendre toutes les dispositions pour se pr\u00e9senter aux si\u00e8ges de leurs R\u00e9gions respectives \u00e0 la date et l\u2019heure fix\u00e9es.<br \/>\nAmi<\/p>\n","protected":false},"excerpt":{"rendered":"<p>Dans un communiqu\u00e9 rendu public vendredi, le minist\u00e8re de l\u2019Int\u00e9rieur et de la D\u00e9centralisation convoque les conseils r\u00e9gionaux nouvellement \u00e9lus dans les wilayas du Hodh El Chargui, Hodh El Gharbi, Assaba, Gorgol, Brakna, Trarza, Adrar, Dakhlet Nouadhibou, Tagant, Tiris Zemmour, Inchiri et Nouakchott, en r\u00e9unions extraordinaires le 10 juin 2023 \u00e0 10h aux si\u00e8ges des &hellip;<\/p>\n","protected":false},"author":2,"featured_media":0,"comment_status":"open","ping_status":"open","sticky":false,"template":"","format":"standard","meta":{"footnotes":""},"categories":[18],"tags":[],"class_list":["post-5888","post","type-post","status-publish","format-standard","hentry","category-actualites"],"_links":{"self":[{"href":"https:\/\/ladepeche.mr\/index.php?rest_route=\/wp\/v2\/posts\/5888","targetHints":{"allow":["GET"]}}],"collection":[{"href":"https:\/\/ladepeche.mr\/index.php?rest_route=\/wp\/v2\/posts"}],"about":[{"href":"https:\/\/ladepeche.mr\/index.php?rest_route=\/wp\/v2\/types\/post"}],"author":[{"embeddable":true,"href":"https:\/\/ladepeche.mr\/index.php?rest_route=\/wp\/v2\/users\/2"}],"replies":[{"embeddable":true,"href":"https:\/\/ladepeche.mr\/index.php?rest_route=%2Fwp%2Fv2%2Fcomments&post=5888"}],"version-history":[{"count":1,"href":"https:\/\/ladepeche.mr\/index.php?rest_route=\/wp\/v2\/posts\/5888\/revisions"}],"predecessor-version":[{"id":5889,"href":"https:\/\/ladepeche.mr\/index.php?rest_route=\/wp\/v2\/posts\/5888\/revisions\/5889"}],"wp:attachment":[{"href":"https:\/\/ladepeche.mr\/index.php?rest_route=%2Fwp%2Fv2%2Fmedia&parent=5888"}],"wp:term":[{"taxonomy":"category","embeddable":true,"href":"https:\/\/ladepeche.mr\/index.php?rest_route=%2Fwp%2Fv2%2Fcategories&post=5888"},{"taxonomy":"post_tag","embeddable":true,"href":"https:\/\/ladepeche.mr\/index.php?rest_route=%2Fwp%2Fv2%2Ftags&post=5888"}],"curies":[{"name":"wp","href":"https:\/\/api.w.org\/{rel}","templated":true}]}}