{"id":5890,"date":"2023-06-03T16:51:39","date_gmt":"2023-06-03T16:51:39","guid":{"rendered":"https:\/\/ladepeche.mr\/?p=5890"},"modified":"2023-06-03T16:51:39","modified_gmt":"2023-06-03T16:51:39","slug":"vandalisme-la-police-arrete-un-homme-responsable-de-lincendie-de-3-vehicules","status":"publish","type":"post","link":"https:\/\/ladepeche.mr\/?p=5890","title":{"rendered":"Vandalisme : La police arr\u00eate un homme responsable de l\u2019incendie de 3 v\u00e9hicules"},"content":{"rendered":"<p>La coordination entre les services de police a permis l\u2019arrestation, samedi \u00e0 Bogh\u00e9, d\u2019un homme soup\u00e7onn\u00e9 avoir mis le feu \u00e0 trois v\u00e9hicules dont deux \u00e0 Arafat, pr\u00e8s de la Boulangerie \u00ab Al Kawassir \u00bb, apprend-on d\u2019un communiqu\u00e9 de la police.<br \/>\nLe contr\u00f4le et la recherche initi\u00e9s par la police de Nouakchott \u00e9tablissent, sans ambages, un acte criminel, conclut le communiqu\u00e9. Le m\u00eame personnage avait \u00e9t\u00e9 arr\u00eat\u00e9 et d\u00e9f\u00e9r\u00e9 en septembre 2022 pour un acte similaire.<br \/>\nDans son communiqu\u00e9, enfin, la police annonce la reconduction de l\u2019int\u00e9ress\u00e9 \u00e0 Nouakchott pour approfondissement de l\u2019enqu\u00eate.<\/p>\n","protected":false},"excerpt":{"rendered":"<p>La coordination entre les services de police a permis l\u2019arrestation, samedi \u00e0 Bogh\u00e9, d\u2019un homme soup\u00e7onn\u00e9 avoir mis le feu \u00e0 trois v\u00e9hicules dont deux \u00e0 Arafat, pr\u00e8s de la Boulangerie \u00ab Al Kawassir \u00bb, apprend-on d\u2019un communiqu\u00e9 de la police. Le contr\u00f4le et la recherche initi\u00e9s par la police de Nouakchott \u00e9tablissent, sans ambages, &hellip;<\/p>\n","protected":false},"author":2,"featured_media":5891,"comment_status":"open","ping_status":"open","sticky":false,"template":"","format":"standard","meta":{"footnotes":""},"categories":[18],"tags":[],"class_list":["post-5890","post","type-post","status-publish","format-standard","has-post-thumbnail","hentry","category-actualites"],"_links":{"self":[{"href":"https:\/\/ladepeche.mr\/index.php?rest_route=\/wp\/v2\/posts\/5890","targetHints":{"allow":["GET"]}}],"collection":[{"href":"https:\/\/ladepeche.mr\/index.php?rest_route=\/wp\/v2\/posts"}],"about":[{"href":"https:\/\/ladepeche.mr\/index.php?rest_route=\/wp\/v2\/types\/post"}],"author":[{"embeddable":true,"href":"https:\/\/ladepeche.mr\/index.php?rest_route=\/wp\/v2\/users\/2"}],"replies":[{"embeddable":true,"href":"https:\/\/ladepeche.mr\/index.php?rest_route=%2Fwp%2Fv2%2Fcomments&post=5890"}],"version-history":[{"count":1,"href":"https:\/\/ladepeche.mr\/index.php?rest_route=\/wp\/v2\/posts\/5890\/revisions"}],"predecessor-version":[{"id":5892,"href":"https:\/\/ladepeche.mr\/index.php?rest_route=\/wp\/v2\/posts\/5890\/revisions\/5892"}],"wp:featuredmedia":[{"embeddable":true,"href":"https:\/\/ladepeche.mr\/index.php?rest_route=\/wp\/v2\/media\/5891"}],"wp:attachment":[{"href":"https:\/\/ladepeche.mr\/index.php?rest_route=%2Fwp%2Fv2%2Fmedia&parent=5890"}],"wp:term":[{"taxonomy":"category","embeddable":true,"href":"https:\/\/ladepeche.mr\/index.php?rest_route=%2Fwp%2Fv2%2Fcategories&post=5890"},{"taxonomy":"post_tag","embeddable":true,"href":"https:\/\/ladepeche.mr\/index.php?rest_route=%2Fwp%2Fv2%2Ftags&post=5890"}],"curies":[{"name":"wp","href":"https:\/\/api.w.org\/{rel}","templated":true}]}}