{"id":5893,"date":"2023-06-04T13:23:17","date_gmt":"2023-06-04T13:23:17","guid":{"rendered":"https:\/\/ladepeche.mr\/?p=5893"},"modified":"2023-06-04T13:23:49","modified_gmt":"2023-06-04T13:23:49","slug":"le-president-de-la-republique-entame-une-visite-damitie-et-de-travail-en-egypte","status":"publish","type":"post","link":"https:\/\/ladepeche.mr\/?p=5893","title":{"rendered":"Monde Arabe: Le Pr\u00e9sident de la R\u00e9publique entame une visite d\u2019amiti\u00e9 et de travail en Egypte"},"content":{"rendered":"<p>Son Excellence le Pr\u00e9sident de la R\u00e9publique, Monsieur Mohamed Ould Cheikh El Ghazouani est arriv\u00e9, dimanche, au Caire, capitale de la R\u00e9publique Arabe d\u2019\u00c9gypte, dans le cadre d\u2019une visite d\u2019amiti\u00e9 et de travail.<\/p>\n<p>Le Pr\u00e9sident de la R\u00e9publique a \u00e9t\u00e9 accueilli \u00e0 l\u2019a\u00e9roport du Caire par son homologue \u00e9gyptien, Son Excellence Abdel Vettah Al-Sissi, entour\u00e9 des hautes personnalit\u00e9s de l\u2019\u00c9tat.<\/p>\n<p>Il a \u00e9t\u00e9 \u00e9galement accueilli par l\u2019ambassadeur de Mauritanie accr\u00e9dit\u00e9 en \u00c9gypte, SEM. Sidi Mohamed Abdellahi, entour\u00e9 du personnel de notre ambassade au Caire.<br \/>\nAmi<\/p>\n","protected":false},"excerpt":{"rendered":"<p>Son Excellence le Pr\u00e9sident de la R\u00e9publique, Monsieur Mohamed Ould Cheikh El Ghazouani est arriv\u00e9, dimanche, au Caire, capitale de la R\u00e9publique Arabe d\u2019\u00c9gypte, dans le cadre d\u2019une visite d\u2019amiti\u00e9 et de travail. Le Pr\u00e9sident de la R\u00e9publique a \u00e9t\u00e9 accueilli \u00e0 l\u2019a\u00e9roport du Caire par son homologue \u00e9gyptien, Son Excellence Abdel Vettah Al-Sissi, entour\u00e9 &hellip;<\/p>\n","protected":false},"author":2,"featured_media":5894,"comment_status":"open","ping_status":"open","sticky":false,"template":"","format":"standard","meta":{"footnotes":""},"categories":[18,29],"tags":[],"class_list":["post-5893","post","type-post","status-publish","format-standard","has-post-thumbnail","hentry","category-actualites","category-monde"],"_links":{"self":[{"href":"https:\/\/ladepeche.mr\/index.php?rest_route=\/wp\/v2\/posts\/5893","targetHints":{"allow":["GET"]}}],"collection":[{"href":"https:\/\/ladepeche.mr\/index.php?rest_route=\/wp\/v2\/posts"}],"about":[{"href":"https:\/\/ladepeche.mr\/index.php?rest_route=\/wp\/v2\/types\/post"}],"author":[{"embeddable":true,"href":"https:\/\/ladepeche.mr\/index.php?rest_route=\/wp\/v2\/users\/2"}],"replies":[{"embeddable":true,"href":"https:\/\/ladepeche.mr\/index.php?rest_route=%2Fwp%2Fv2%2Fcomments&post=5893"}],"version-history":[{"count":2,"href":"https:\/\/ladepeche.mr\/index.php?rest_route=\/wp\/v2\/posts\/5893\/revisions"}],"predecessor-version":[{"id":5896,"href":"https:\/\/ladepeche.mr\/index.php?rest_route=\/wp\/v2\/posts\/5893\/revisions\/5896"}],"wp:featuredmedia":[{"embeddable":true,"href":"https:\/\/ladepeche.mr\/index.php?rest_route=\/wp\/v2\/media\/5894"}],"wp:attachment":[{"href":"https:\/\/ladepeche.mr\/index.php?rest_route=%2Fwp%2Fv2%2Fmedia&parent=5893"}],"wp:term":[{"taxonomy":"category","embeddable":true,"href":"https:\/\/ladepeche.mr\/index.php?rest_route=%2Fwp%2Fv2%2Fcategories&post=5893"},{"taxonomy":"post_tag","embeddable":true,"href":"https:\/\/ladepeche.mr\/index.php?rest_route=%2Fwp%2Fv2%2Ftags&post=5893"}],"curies":[{"name":"wp","href":"https:\/\/api.w.org\/{rel}","templated":true}]}}