{"id":5905,"date":"2023-06-05T17:00:30","date_gmt":"2023-06-05T17:00:30","guid":{"rendered":"https:\/\/ladepeche.mr\/?p=5905"},"modified":"2023-06-05T17:00:30","modified_gmt":"2023-06-05T17:00:30","slug":"demarrage-du-concours-dentree-en-1ere-annee-du-college-plus-de-100-milles-candidats","status":"publish","type":"post","link":"https:\/\/ladepeche.mr\/?p=5905","title":{"rendered":"D\u00e9marrage du concours d\u2019entr\u00e9e en 1\u00e8re ann\u00e9e du coll\u00e8ge: Plus de 100 milles candidats"},"content":{"rendered":"<p>104 760 \u00e9l\u00e8ves dont 53% de filles participent aux examens d\u2019entr\u00e9e en premi\u00e8re ann\u00e9e du coll\u00e8ge pour cette ann\u00e9e 2023.<br \/>\nLes \u00e9l\u00e8ves sont r\u00e9partis sur 1 218 centres d\u2019examen dont un seul \u00e0 l\u2019\u00e9tranger sur le site de l\u2019\u00e9cole mauritanienne \u00e0 Bamako, au Mali.<br \/>\nDans une d\u00e9claration \u00e0 nos confr\u00e8res de l\u2019AMI, le ministre de l\u2019Education et de la R\u00e9forme du Syst\u00e8me \u00e9ducatif, Ibrahim Vall Ould Mohamed Lemine  a soulign\u00e9 que le \u00abconcours de cette ann\u00e9e pr\u00e9sente un avantage particulier car il a eu lieu \u00e0 la fin de la premi\u00e8re ann\u00e9e du lancement de l\u2019\u00c9cole r\u00e9publicaine, dont les services ont profit\u00e9 \u00e0 toutes les composantes de la soci\u00e9t\u00e9 sans exception, ce qui a permis le succ\u00e8s de son exp\u00e9rience au cours de sa premi\u00e8re ann\u00e9e \u00bb, a conclu le ministre.<br \/>\nIl faut souligner que pour l\u2019ann\u00e9e 2021-2022, 49.340 \u00e9l\u00e8ves avaient \u00e9t\u00e9 d\u00e9clar\u00e9s admis au concours d\u2019entr\u00e9e en 1\u00e8re ann\u00e9e du Coll\u00e8ge, soit un taux d\u2019admission de 53,83%.<\/p>\n","protected":false},"excerpt":{"rendered":"<p>104 760 \u00e9l\u00e8ves dont 53% de filles participent aux examens d\u2019entr\u00e9e en premi\u00e8re ann\u00e9e du coll\u00e8ge pour cette ann\u00e9e 2023. Les \u00e9l\u00e8ves sont r\u00e9partis sur 1 218 centres d\u2019examen dont un seul \u00e0 l\u2019\u00e9tranger sur le site de l\u2019\u00e9cole mauritanienne \u00e0 Bamako, au Mali. Dans une d\u00e9claration \u00e0 nos confr\u00e8res de l\u2019AMI, le ministre de &hellip;<\/p>\n","protected":false},"author":2,"featured_media":5906,"comment_status":"open","ping_status":"open","sticky":false,"template":"","format":"standard","meta":{"footnotes":""},"categories":[18],"tags":[],"class_list":["post-5905","post","type-post","status-publish","format-standard","has-post-thumbnail","hentry","category-actualites"],"_links":{"self":[{"href":"https:\/\/ladepeche.mr\/index.php?rest_route=\/wp\/v2\/posts\/5905","targetHints":{"allow":["GET"]}}],"collection":[{"href":"https:\/\/ladepeche.mr\/index.php?rest_route=\/wp\/v2\/posts"}],"about":[{"href":"https:\/\/ladepeche.mr\/index.php?rest_route=\/wp\/v2\/types\/post"}],"author":[{"embeddable":true,"href":"https:\/\/ladepeche.mr\/index.php?rest_route=\/wp\/v2\/users\/2"}],"replies":[{"embeddable":true,"href":"https:\/\/ladepeche.mr\/index.php?rest_route=%2Fwp%2Fv2%2Fcomments&post=5905"}],"version-history":[{"count":1,"href":"https:\/\/ladepeche.mr\/index.php?rest_route=\/wp\/v2\/posts\/5905\/revisions"}],"predecessor-version":[{"id":5907,"href":"https:\/\/ladepeche.mr\/index.php?rest_route=\/wp\/v2\/posts\/5905\/revisions\/5907"}],"wp:featuredmedia":[{"embeddable":true,"href":"https:\/\/ladepeche.mr\/index.php?rest_route=\/wp\/v2\/media\/5906"}],"wp:attachment":[{"href":"https:\/\/ladepeche.mr\/index.php?rest_route=%2Fwp%2Fv2%2Fmedia&parent=5905"}],"wp:term":[{"taxonomy":"category","embeddable":true,"href":"https:\/\/ladepeche.mr\/index.php?rest_route=%2Fwp%2Fv2%2Fcategories&post=5905"},{"taxonomy":"post_tag","embeddable":true,"href":"https:\/\/ladepeche.mr\/index.php?rest_route=%2Fwp%2Fv2%2Ftags&post=5905"}],"curies":[{"name":"wp","href":"https:\/\/api.w.org\/{rel}","templated":true}]}}