{"id":5914,"date":"2023-06-05T21:51:01","date_gmt":"2023-06-05T21:51:01","guid":{"rendered":"https:\/\/ladepeche.mr\/?p=5914"},"modified":"2023-06-05T21:52:16","modified_gmt":"2023-06-05T21:52:16","slug":"global-gateway-lue-et-la-mauritanie-lancent-un-programme-delectricite-abordable-propre-et-verte","status":"publish","type":"post","link":"https:\/\/ladepeche.mr\/?p=5914","title":{"rendered":"Global Gateway : L&#8217;UE et la Mauritanie lancent un programme d\u2019\u00e9lectricit\u00e9 abordable, propre et verte"},"content":{"rendered":"<p>Lors d&#8217;une c\u00e9r\u00e9monie de signature le 05 juin 2023, le ministre mauritanien du p\u00e9trole, des mines et de l&#8217;\u00e9nergie de la R\u00e9publique islamique de Mauritanie, Abdessalam Ould Mohamed Saleh et le directeur g\u00e9n\u00e9ral de la Direction g\u00e9n\u00e9rale des partenariats internationaux, Koen Doens ont lanc\u00e9 un nouveau programme &#8220;Acc\u00e8s abordable \u00e0 l&#8217;\u00e9lectricit\u00e9 propre et renouvelable&#8221;. Ce programme contribue \u00e0 l&#8217;initiative Team Europe Transition vers une \u00e9conomie verte et bleue pour renforcer le partenariat UE-Mauritanie et la transition verte du pays.<\/p>\n<p>Cette initiative a pour cadre Global Gateway, l&#8217;offre positive de l&#8217;UE pour b\u00e2tir des relations durables et de confiance avec les pays partenaires. ,Ce programme &#8220;Acc\u00e8s abordable \u00e0 l&#8217;\u00e9lectricit\u00e9 propre et renouvelable&#8221; transformera la vie des Mauritaniens en leur donnant un meilleur acc\u00e8s \u00e0 des sources d&#8217;\u00e9lectricit\u00e9 moins co\u00fbteuses et plus durables. Le programme contribue \u00e9galement \u00e0 l&#8217;initiative de la Grande Muraille Verte.<\/p>\n<p>La commissaire europ\u00e9enne charg\u00e9e des partenariats internationaux, Jutta Urpilainen, a d\u00e9clar\u00e9 : &#8220;Le programme que nous lan\u00e7ons aujourd&#8217;hui est une illustration puissante de l&#8217;impact de Global Gateway et des am\u00e9liorations que cette initiative apporte \u00e0 la vie des gens. L&#8217;\u00e9lectricit\u00e9 moins ch\u00e8re, plus propre et plus durable \u00e0 laquelle les Mauritaniens auront acc\u00e8s permettra aux entreprises de se d\u00e9velopper, aux enfants d&#8217;aller \u00e0 l&#8217;\u00e9cole et \u00e0 des communaut\u00e9s enti\u00e8res de prosp\u00e9rer. Dans le cadre du programme Global Gateway, l&#8217;UE soutiendra davantage encore la transition de la Mauritanie vers l&#8217;\u00e9nergie verte et s&#8217;engage \u00e0 ce que ses habitants aient acc\u00e8s \u00e0 une \u00e9nergie abordable, partout o\u00f9 ils en ont besoin.&#8221;<\/p>\n<p>Le ministre mauritanien du p\u00e9trole, des mines et de l&#8217;\u00e9nergie, Abdessalam Ould Mohamed Saleh, a d\u00e9clar\u00e9 : &#8220;Le programme que nous lan\u00e7ons aujourd&#8217;hui permettra aux citoyens d&#8217;acc\u00e9der \u00e0 une \u00e9lectricit\u00e9 propre et abordable dans 20 localit\u00e9s du sud-est du pays, les r\u00e9gions du Hodh El Gharbi et du Hodh Ech Chargui.  Il garantira des services \u00e9nerg\u00e9tiques fiables, durables, modernes et abordables et augmentera la part des \u00e9nergies renouvelables.  Nous nous efforcerons \u00e9galement d&#8217;am\u00e9liorer les performances globales du secteur de l&#8217;\u00e9lectricit\u00e9 dans l&#8217;ensemble du pays.  C&#8217;est essentiel pour accro\u00eetre l&#8217;activit\u00e9 \u00e9conomique et cr\u00e9er des emplois d\u00e9cents pour tous&#8221;.<\/p>\n<p>Ce programme sera financ\u00e9 \u00e0 hauteur de 13,25 millions d&#8217;euros par le budget de l&#8217;UE. La France contribuera au programme au fur et \u00e0 mesure de son avancement. Cette action a \u00e9t\u00e9 con\u00e7ue autour de quatre objectifs visant \u00e0 transformer le secteur de l&#8217;\u00e9lectricit\u00e9 mauritanien :<\/p>\n<p>&#8211; Soutenir les r\u00e9formes institutionnelles au sein du minist\u00e8re de l&#8217;\u00e9nergie, de la compagnie nationale d&#8217;\u00e9lectricit\u00e9 et de l&#8217;autorit\u00e9 de r\u00e9gulation.<\/p>\n<p>&#8211; Am\u00e9liorer l&#8217;acc\u00e8s \u00e0 une \u00e9nergie durable, \u00e9quitable, abordable et fiable pour tous<\/p>\n<p>&#8211; Augmenter la capacit\u00e9 de production et de distribution d&#8217;\u00e9lectricit\u00e9 verte de la Mauritanie<\/p>\n<p>&#8211; Permettre le d\u00e9veloppement d&#8217;activit\u00e9s \u00e9conomiques et la cr\u00e9ation d&#8217;emplois d\u00e9cents<\/p>\n<p>Partenariat UE-Mauritanie pour stimuler l&#8217;\u00e9nergie verte<\/p>\n<p>L&#8217;Union europ\u00e9enne (UE) soutient fortement  le gouvernement mauritanien dans le d\u00e9veloppement de son secteur \u00e9lectrique. Ce soutien s&#8217;est traduit par :<\/p>\n<p>La conception d\u2019 d&#8217;une nouvelle politique \u00e9nerg\u00e9tique<br \/>\nl&#8217;\u00e9laboration d&#8217;un nouveau code de l&#8217;\u00e9lectricit\u00e9 pour promouvoir la transition vers les \u00e9nergies renouvelables<br \/>\nl\u2019audit de la compagnie nationale d&#8217;\u00e9lectricit\u00e9 et la pr\u00e9paration de son plan de r\u00e9organisation<br \/>\nle soutien \u00e0 l&#8217;investissement pour l&#8217;installation de mini-r\u00e9seaux d&#8217;\u00e9nergie solaire dans les zones rurales<br \/>\nl\u2019am\u00e9lioration de l&#8217;approvisionnement des zones urbaines en pleine expansion.<br \/>\nL&#8217;acc\u00e8s \u00e0 l&#8217;\u00e9nergie est une priorit\u00e9 strat\u00e9gique pour la Mauritanie. Bien que des progr\u00e8s aient \u00e9t\u00e9 r\u00e9alis\u00e9s dans la production d&#8217;\u00e9nergie au cours des dix derni\u00e8res ann\u00e9es, l&#8217;\u00e9lectricit\u00e9 reste l&#8217;un des principaux obstacles au d\u00e9veloppement \u00e9conomique et social du pays, avec un faible taux global d&#8217;acc\u00e8s \u00e0 l&#8217;\u00e9lectricit\u00e9 (48%)., une forte in\u00e9galit\u00e9 d&#8217;acc\u00e8s \u00e0 l&#8217;\u00e9lectricit\u00e9 entre les zones urbaines (82%) et les zones rurales (6%), des co\u00fbts de production \u00e9lev\u00e9s dus en grande partie \u00e0 la d\u00e9pendance aux \u00e9nergies fossiles, un r\u00e9seau \u00e9lectrique sous-d\u00e9velopp\u00e9 et une int\u00e9gration difficile des \u00e9nergies renouvelables dans le r\u00e9seau national.<br \/>\nhttps:\/\/international-partnerships.ec.europa.eu\/news-and-events\/news\/global-gateway-eu-and-mauritania-launch-affordable-clean-and-green-electricity-programme-2023-06-05_fr<\/p>\n","protected":false},"excerpt":{"rendered":"<p>Lors d&#8217;une c\u00e9r\u00e9monie de signature le 05 juin 2023, le ministre mauritanien du p\u00e9trole, des mines et de l&#8217;\u00e9nergie de la R\u00e9publique islamique de Mauritanie, Abdessalam Ould Mohamed Saleh et le directeur g\u00e9n\u00e9ral de la Direction g\u00e9n\u00e9rale des partenariats internationaux, Koen Doens ont lanc\u00e9 un nouveau programme &#8220;Acc\u00e8s abordable \u00e0 l&#8217;\u00e9lectricit\u00e9 propre et renouvelable&#8221;. Ce &hellip;<\/p>\n","protected":false},"author":2,"featured_media":5916,"comment_status":"open","ping_status":"open","sticky":false,"template":"","format":"standard","meta":{"footnotes":""},"categories":[18,2],"tags":[],"class_list":["post-5914","post","type-post","status-publish","format-standard","has-post-thumbnail","hentry","category-actualites","category-economie"],"_links":{"self":[{"href":"https:\/\/ladepeche.mr\/index.php?rest_route=\/wp\/v2\/posts\/5914","targetHints":{"allow":["GET"]}}],"collection":[{"href":"https:\/\/ladepeche.mr\/index.php?rest_route=\/wp\/v2\/posts"}],"about":[{"href":"https:\/\/ladepeche.mr\/index.php?rest_route=\/wp\/v2\/types\/post"}],"author":[{"embeddable":true,"href":"https:\/\/ladepeche.mr\/index.php?rest_route=\/wp\/v2\/users\/2"}],"replies":[{"embeddable":true,"href":"https:\/\/ladepeche.mr\/index.php?rest_route=%2Fwp%2Fv2%2Fcomments&post=5914"}],"version-history":[{"count":1,"href":"https:\/\/ladepeche.mr\/index.php?rest_route=\/wp\/v2\/posts\/5914\/revisions"}],"predecessor-version":[{"id":5915,"href":"https:\/\/ladepeche.mr\/index.php?rest_route=\/wp\/v2\/posts\/5914\/revisions\/5915"}],"wp:featuredmedia":[{"embeddable":true,"href":"https:\/\/ladepeche.mr\/index.php?rest_route=\/wp\/v2\/media\/5916"}],"wp:attachment":[{"href":"https:\/\/ladepeche.mr\/index.php?rest_route=%2Fwp%2Fv2%2Fmedia&parent=5914"}],"wp:term":[{"taxonomy":"category","embeddable":true,"href":"https:\/\/ladepeche.mr\/index.php?rest_route=%2Fwp%2Fv2%2Fcategories&post=5914"},{"taxonomy":"post_tag","embeddable":true,"href":"https:\/\/ladepeche.mr\/index.php?rest_route=%2Fwp%2Fv2%2Ftags&post=5914"}],"curies":[{"name":"wp","href":"https:\/\/api.w.org\/{rel}","templated":true}]}}