{"id":5925,"date":"2023-06-06T21:42:45","date_gmt":"2023-06-06T21:42:45","guid":{"rendered":"https:\/\/ladepeche.mr\/?p=5925"},"modified":"2023-06-06T21:42:45","modified_gmt":"2023-06-06T21:42:45","slug":"prevention-des-conflits-concord-radis-international-promet-un-coup-de-main-au-cdhahrsc","status":"publish","type":"post","link":"https:\/\/ladepeche.mr\/?p=5925","title":{"rendered":"Pr\u00e9vention des conflits : Concord Radis International promet un coup de main au CDHAHRSC"},"content":{"rendered":"<p>Renforcer la coh\u00e9sion sociale, via la formation des Ongs locales et mettre en \u0153uvre des programmes g\u00e9n\u00e9rateurs de revenus, tels sont les engagements pris par l\u2019organisation Concord Radis International qui vient de signer un accord avec le commissariat aux droits de l\u2019Homme.<br \/>\nLe m\u00e9morandum a \u00e9t\u00e9 cosign\u00e9 par le commissaire aux Droits de l\u2019Homme, \u00e0 l\u2019Action humanitaire et aux Relations avec la Soci\u00e9t\u00e9 civile, Cheikh Ahmedou Ould Ahmed Salem Ould Sidi, et le directeur ex\u00e9cutif de l\u2019organisation \u00abConcord Radis International\u00bb, Peter Marsden.<\/p>\n","protected":false},"excerpt":{"rendered":"<p>Renforcer la coh\u00e9sion sociale, via la formation des Ongs locales et mettre en \u0153uvre des programmes g\u00e9n\u00e9rateurs de revenus, tels sont les engagements pris par l\u2019organisation Concord Radis International qui vient de signer un accord avec le commissariat aux droits de l\u2019Homme. Le m\u00e9morandum a \u00e9t\u00e9 cosign\u00e9 par le commissaire aux Droits de l\u2019Homme, \u00e0 &hellip;<\/p>\n","protected":false},"author":2,"featured_media":5926,"comment_status":"open","ping_status":"open","sticky":false,"template":"","format":"standard","meta":{"footnotes":""},"categories":[18,25],"tags":[],"class_list":["post-5925","post","type-post","status-publish","format-standard","has-post-thumbnail","hentry","category-actualites","category-en-forme"],"_links":{"self":[{"href":"https:\/\/ladepeche.mr\/index.php?rest_route=\/wp\/v2\/posts\/5925","targetHints":{"allow":["GET"]}}],"collection":[{"href":"https:\/\/ladepeche.mr\/index.php?rest_route=\/wp\/v2\/posts"}],"about":[{"href":"https:\/\/ladepeche.mr\/index.php?rest_route=\/wp\/v2\/types\/post"}],"author":[{"embeddable":true,"href":"https:\/\/ladepeche.mr\/index.php?rest_route=\/wp\/v2\/users\/2"}],"replies":[{"embeddable":true,"href":"https:\/\/ladepeche.mr\/index.php?rest_route=%2Fwp%2Fv2%2Fcomments&post=5925"}],"version-history":[{"count":1,"href":"https:\/\/ladepeche.mr\/index.php?rest_route=\/wp\/v2\/posts\/5925\/revisions"}],"predecessor-version":[{"id":5927,"href":"https:\/\/ladepeche.mr\/index.php?rest_route=\/wp\/v2\/posts\/5925\/revisions\/5927"}],"wp:featuredmedia":[{"embeddable":true,"href":"https:\/\/ladepeche.mr\/index.php?rest_route=\/wp\/v2\/media\/5926"}],"wp:attachment":[{"href":"https:\/\/ladepeche.mr\/index.php?rest_route=%2Fwp%2Fv2%2Fmedia&parent=5925"}],"wp:term":[{"taxonomy":"category","embeddable":true,"href":"https:\/\/ladepeche.mr\/index.php?rest_route=%2Fwp%2Fv2%2Fcategories&post=5925"},{"taxonomy":"post_tag","embeddable":true,"href":"https:\/\/ladepeche.mr\/index.php?rest_route=%2Fwp%2Fv2%2Ftags&post=5925"}],"curies":[{"name":"wp","href":"https:\/\/api.w.org\/{rel}","templated":true}]}}