{"id":5928,"date":"2023-06-07T14:20:59","date_gmt":"2023-06-07T14:20:59","guid":{"rendered":"https:\/\/ladepeche.mr\/?p=5928"},"modified":"2023-06-07T14:21:39","modified_gmt":"2023-06-07T14:21:39","slug":"migration-clandestine-lue-veut-financer-un-nouveau-plan-de-lutte","status":"publish","type":"post","link":"https:\/\/ladepeche.mr\/?p=5928","title":{"rendered":"Migration clandestine : L\u2019Ue veut financer un nouveau plan de lutte"},"content":{"rendered":"<p>La commissaire europ\u00e9enne aux affaires int\u00e9rieures, Ylva Johansson, veut couper les routes de la migration clandestine. Elle a pr\u00e9par\u00e9, pour se faire, un plan d\u2019action auquel elle veut associer les pays d\u2019origine et de transit. La Mauritanie y fait figure de partenaire de premier choix.<\/p>\n<p>L\u2019\u00e9tau se referme davantage contre les migrants clandestins. L\u2019Europe n\u2019a de cesse de se barricader ces flux migratoires clandestins. Tous les dispositifs sont mis en place pour contenir l\u2019arriv\u00e9e non d\u00e9sir\u00e9e de migrants provenant notamment d\u2019Afrique. La commissaire europ\u00e9enne, Ylva Johansson, esp\u00e8re que les ministres de l\u2019int\u00e9rieur europ\u00e9ens adoptent, dans les prochains jours, son nouveau plan pour enrayer ce ph\u00e9nom\u00e8ne, avant sa discussion au Parlement. C\u2019est ce qu\u2019elle indique dans une d\u00e9claration rendue publique ce mardi 6 juin 2023 \u00e0 Bruxelles.<br \/>\nPlac\u00e9 dans le cadre de la lutte contre la migration clandestine et la traite des \u00eatres humains sur les routes migratoires de la M\u00e9diterran\u00e9e occidentale et de l\u2019Atlantique, le plan Johansson, s\u2019appuie sur la coop\u00e9ration avec les pays africains dont Mauritanie, le S\u00e9n\u00e9gal, la C\u00f4te d\u2019Ivoire, la Gambie, le Mali et le Kenya. L\u2019objectif est de cr\u00e9er avec ces pays des \u00ab\u00e9quipes d\u2019enqu\u00eate conjointes\u00bb. Des \u00e9quipes qui devraient travailler en amont \u00ab pour relever les d\u00e9fis d\u00e9coulant de la migration, et lutter contre le trafic d\u2019\u00eatres humains, ainsi que la gestion des fronti\u00e8res \u00bb. Dans ce cadre pr\u00e9cis, le dispositif europ\u00e9en, Frontex, apportera, au plan bilat\u00e9ral, son aide \u00e0 trois pays la Mauritanie, le Maroc et le S\u00e9n\u00e9gal pour la reconduction hors de l\u2019Ue des migrants d\u00e9sirant rentrer chez eux. L\u2019Ue est pr\u00eate \u00e0 mettre l\u2019argent dans cette nouvelle politique anti-migratoire \u00ab pour canaliser davantage de fonds vers les pays d\u2019Afrique de l\u2019Ouest, afin d\u2019emp\u00eacher la migration irr\u00e9guli\u00e8re vers l\u2019UE\u00bb.<\/p>\n","protected":false},"excerpt":{"rendered":"<p>La commissaire europ\u00e9enne aux affaires int\u00e9rieures, Ylva Johansson, veut couper les routes de la migration clandestine. Elle a pr\u00e9par\u00e9, pour se faire, un plan d\u2019action auquel elle veut associer les pays d\u2019origine et de transit. La Mauritanie y fait figure de partenaire de premier choix. L\u2019\u00e9tau se referme davantage contre les migrants clandestins. L\u2019Europe n\u2019a &hellip;<\/p>\n","protected":false},"author":2,"featured_media":5929,"comment_status":"open","ping_status":"open","sticky":false,"template":"","format":"standard","meta":{"footnotes":""},"categories":[18,29],"tags":[],"class_list":["post-5928","post","type-post","status-publish","format-standard","has-post-thumbnail","hentry","category-actualites","category-monde"],"_links":{"self":[{"href":"https:\/\/ladepeche.mr\/index.php?rest_route=\/wp\/v2\/posts\/5928","targetHints":{"allow":["GET"]}}],"collection":[{"href":"https:\/\/ladepeche.mr\/index.php?rest_route=\/wp\/v2\/posts"}],"about":[{"href":"https:\/\/ladepeche.mr\/index.php?rest_route=\/wp\/v2\/types\/post"}],"author":[{"embeddable":true,"href":"https:\/\/ladepeche.mr\/index.php?rest_route=\/wp\/v2\/users\/2"}],"replies":[{"embeddable":true,"href":"https:\/\/ladepeche.mr\/index.php?rest_route=%2Fwp%2Fv2%2Fcomments&post=5928"}],"version-history":[{"count":1,"href":"https:\/\/ladepeche.mr\/index.php?rest_route=\/wp\/v2\/posts\/5928\/revisions"}],"predecessor-version":[{"id":5930,"href":"https:\/\/ladepeche.mr\/index.php?rest_route=\/wp\/v2\/posts\/5928\/revisions\/5930"}],"wp:featuredmedia":[{"embeddable":true,"href":"https:\/\/ladepeche.mr\/index.php?rest_route=\/wp\/v2\/media\/5929"}],"wp:attachment":[{"href":"https:\/\/ladepeche.mr\/index.php?rest_route=%2Fwp%2Fv2%2Fmedia&parent=5928"}],"wp:term":[{"taxonomy":"category","embeddable":true,"href":"https:\/\/ladepeche.mr\/index.php?rest_route=%2Fwp%2Fv2%2Fcategories&post=5928"},{"taxonomy":"post_tag","embeddable":true,"href":"https:\/\/ladepeche.mr\/index.php?rest_route=%2Fwp%2Fv2%2Ftags&post=5928"}],"curies":[{"name":"wp","href":"https:\/\/api.w.org\/{rel}","templated":true}]}}