{"id":5934,"date":"2023-06-07T19:19:07","date_gmt":"2023-06-07T19:19:07","guid":{"rendered":"https:\/\/ladepeche.mr\/?p=5934"},"modified":"2023-06-07T19:19:07","modified_gmt":"2023-06-07T19:19:07","slug":"au-conseil-des-ministres-parachevement-de-la-restructuration-des-quartiers-precaires-a-nouakchott","status":"publish","type":"post","link":"https:\/\/ladepeche.mr\/?p=5934","title":{"rendered":"Au Conseil des ministres : Parach\u00e8vement de la restructuration des quartiers pr\u00e9caires \u00e0 Nouakchott"},"content":{"rendered":"<p>Le Conseil des Ministres s\u2019est r\u00e9uni le mercredi 07 juin 2023, sous la Pr\u00e9sidence de Son Excellence Monsieur le Pr\u00e9sident de la R\u00e9publique, Mohamed Ould Cheikh El-Ghazouani.<\/p>\n<p>Le Conseil a examin\u00e9 et approuv\u00e9 un projet de loi autorisant la ratification de la convention de cr\u00e9dit entre la R\u00e9publique Islamique de Mauritanie et le Fonds d\u2019Abu Dhabi pour le D\u00e9veloppement, destin\u00e9e \u00e0 la participation au financement du projet d\u2019alimentation en eau potable de la Ville de Kiffa \u00e0 partir du fleuve S\u00e9n\u00e9gal.<\/p>\n<p>Le Conseil a \u00e9galement suivi une communication visant \u00e0 \u00e9laborer un plan d\u2019action pour r\u00e9organiser des zones dites d\u2019occupation ill\u00e9gale, en vue de mettre un terme \u00e0 cette situation anarchique et emp\u00eacher toute future tentative d\u2019occupation de l\u2019espace public.<\/p>\n<p>Voici le texte int\u00e9gral du communiqu\u00e9 du conseil des ministres :<\/p>\n<p>\u00ab Le Conseil des Ministres s\u2019est r\u00e9uni le mercredi 07 juin 2023, sous la Pr\u00e9sidence de Son Excellence Monsieur le Pr\u00e9sident de la R\u00e9publique, Mohamed Ould Cheikh El-Ghazouani.<\/p>\n<p>Le Conseil a examin\u00e9 et approuv\u00e9 un projet de loi autorisant la ratification de la convention de cr\u00e9dit, sign\u00e9e le 02 mai 2023, entre la R\u00e9publique Islamique de Mauritanie et le Fonds d\u2019Abu Dhabi pour le D\u00e9veloppement, destin\u00e9e \u00e0 la participation au financement du projet d\u2019alimentation en eau potable de la Ville de Kiffa \u00e0 partir du fleuve S\u00e9n\u00e9gal.<\/p>\n<p>Ce projet de loi a pour objectif de pallier l\u2019insuffisance des ressources en eau au niveau de certaines villes et localit\u00e9s, situ\u00e9es entre Gouraye et Kiffa, gr\u00e2ce au recours aux eaux de surface du Fleuve S\u00e9n\u00e9gal, situ\u00e9es \u00e0 253 km, seules ressources abondantes et renouvelables.<\/p>\n<p>Pour rappel, ce projet d\u2019alimentation en eau potable consiste en la construction d\u2019une prise d\u2019eau en b\u00e9ton arm\u00e9 sur les rives du fleuve (la source d\u2019eau), d\u2019une station de traitement d\u2019une capacit\u00e9 maximale de 50.000 m\u00b3\/jour couvrant les horizons du projet jusqu\u2019\u00e0 2050, trois stations principales de pompage d\u2019eau et trois r\u00e9servoirs principaux au sol en b\u00e9ton et la conduite principale pour le transport de l\u2019eau vers la ville de kiffa, d\u2019une longueur de pr\u00e8s de 250 km, en plus des conduites secondaires pour alimenter les hauts r\u00e9servoirs et les r\u00e9seaux de distribution d\u2019eau. A cela s\u2019ajoute l\u2019alimentation en courant \u00e9lectrique de la station de traitement et des stations de groupes \u00e9lectrog\u00e8nes de secours, ainsi que la mise en place d\u2019un laboratoire hydraulique, et d\u2019un syst\u00e8me de suivi et de contr\u00f4le des installations du projet.<\/p>\n<p>Le Ministre de la Justice, Ministre des Affaires Etrang\u00e8res, de la Coop\u00e9ration et des Mauritaniens de l\u2019Ext\u00e9rieur par Int\u00e9rim, a pr\u00e9sent\u00e9 une communication relative \u00e0 la situation internationale.<\/p>\n<p>Le Ministre de l\u2019Int\u00e9rieur et de la D\u00e9centralisation a pr\u00e9sent\u00e9 une communication relative \u00e0 la situation int\u00e9rieure.<\/p>\n<p>Le Ministre des Affaires \u00c9conomiques et de la Promotion des Secteurs Productifs a pr\u00e9sent\u00e9 une communication relative \u00e0 l\u2019adh\u00e9sion de la R\u00e9publique Islamique de Mauritanie \u00e0 la Banque Asiatique d\u2019Investissement en Infrastructures (BAII).<\/p>\n<p>Cette communication a pour objectif l\u2019adh\u00e9sion de notre pays \u00e0 cette grande institution financi\u00e8re, qui offre de multiples opportunit\u00e9s de financement, pour favoriser le d\u00e9veloppement \u00e9conomique durable des pays.<\/p>\n<p>Cette adh\u00e9sion va permettre de promouvoir l\u2019investissement en infrastructures dans notre pays, conform\u00e9ment aux besoins inscrits dans la Strat\u00e9gie Nationale de Croissance Acc\u00e9l\u00e9r\u00e9e et de Prosp\u00e9rit\u00e9 Partag\u00e9e (SCAPP) 2016-2030.<\/p>\n<p>Le Ministre de l\u2019Habitat, de l\u2019Urbanisme et de l\u2019Am\u00e9nagement du Territoire a pr\u00e9sent\u00e9 une communication relative au parach\u00e8vement de la restructuration des quartiers pr\u00e9caires \u00e0 Nouakchott.<\/p>\n<p>Cette communication vise \u00e0 \u00e9laborer un plan d\u2019action pour r\u00e9organiser ces zones dites d\u2019occupation ill\u00e9gale, mettre un terme \u00e0 cette situation anarchique et emp\u00eacher toute future tentative d\u2019occupation de l\u2019espace public. En effet, le plan de lotissement du secteur 22 (Toujounine), ainsi \u00e9labor\u00e9, a \u00e9t\u00e9 approuv\u00e9 en conseil des ministres en date du 27 octobre 2021, et porte sur la cr\u00e9ation de 13.499 parcelles pour habitation, en plus des r\u00e9serves r\u00e9glementaires pour \u00e9quipements, espaces verts, commerce et services, pouvant accueillir les familles vivant dans ces enclaves.<br \/>\nAmi<\/p>\n","protected":false},"excerpt":{"rendered":"<p>Le Conseil des Ministres s\u2019est r\u00e9uni le mercredi 07 juin 2023, sous la Pr\u00e9sidence de Son Excellence Monsieur le Pr\u00e9sident de la R\u00e9publique, Mohamed Ould Cheikh El-Ghazouani. Le Conseil a examin\u00e9 et approuv\u00e9 un projet de loi autorisant la ratification de la convention de cr\u00e9dit entre la R\u00e9publique Islamique de Mauritanie et le Fonds d\u2019Abu &hellip;<\/p>\n","protected":false},"author":2,"featured_media":4969,"comment_status":"open","ping_status":"open","sticky":false,"template":"","format":"standard","meta":{"footnotes":""},"categories":[18],"tags":[],"class_list":["post-5934","post","type-post","status-publish","format-standard","has-post-thumbnail","hentry","category-actualites"],"_links":{"self":[{"href":"https:\/\/ladepeche.mr\/index.php?rest_route=\/wp\/v2\/posts\/5934","targetHints":{"allow":["GET"]}}],"collection":[{"href":"https:\/\/ladepeche.mr\/index.php?rest_route=\/wp\/v2\/posts"}],"about":[{"href":"https:\/\/ladepeche.mr\/index.php?rest_route=\/wp\/v2\/types\/post"}],"author":[{"embeddable":true,"href":"https:\/\/ladepeche.mr\/index.php?rest_route=\/wp\/v2\/users\/2"}],"replies":[{"embeddable":true,"href":"https:\/\/ladepeche.mr\/index.php?rest_route=%2Fwp%2Fv2%2Fcomments&post=5934"}],"version-history":[{"count":1,"href":"https:\/\/ladepeche.mr\/index.php?rest_route=\/wp\/v2\/posts\/5934\/revisions"}],"predecessor-version":[{"id":5935,"href":"https:\/\/ladepeche.mr\/index.php?rest_route=\/wp\/v2\/posts\/5934\/revisions\/5935"}],"wp:featuredmedia":[{"embeddable":true,"href":"https:\/\/ladepeche.mr\/index.php?rest_route=\/wp\/v2\/media\/4969"}],"wp:attachment":[{"href":"https:\/\/ladepeche.mr\/index.php?rest_route=%2Fwp%2Fv2%2Fmedia&parent=5934"}],"wp:term":[{"taxonomy":"category","embeddable":true,"href":"https:\/\/ladepeche.mr\/index.php?rest_route=%2Fwp%2Fv2%2Fcategories&post=5934"},{"taxonomy":"post_tag","embeddable":true,"href":"https:\/\/ladepeche.mr\/index.php?rest_route=%2Fwp%2Fv2%2Ftags&post=5934"}],"curies":[{"name":"wp","href":"https:\/\/api.w.org\/{rel}","templated":true}]}}