{"id":5936,"date":"2023-06-07T22:30:50","date_gmt":"2023-06-07T22:30:50","guid":{"rendered":"https:\/\/ladepeche.mr\/?p=5936"},"modified":"2023-06-07T22:30:50","modified_gmt":"2023-06-07T22:30:50","slug":"zlecaf-un-seminaire-regional-a-abidjan-sur-la-modernisation-des-procedures-douanieres","status":"publish","type":"post","link":"https:\/\/ladepeche.mr\/?p=5936","title":{"rendered":"ZLECAf : Un s\u00e9minaire r\u00e9gional \u00e0 Abidjan sur la modernisation des proc\u00e9dures douani\u00e8res"},"content":{"rendered":"<p>La C\u00f4te d\u2019Ivoire a abrit\u00e9 du 5 au 7 juin 2023, un s\u00e9minaire r\u00e9gional sur la modernisation des proc\u00e9dures douani\u00e8res en vue de l\u2019atteinte des objectifs de la Zone de Libre-Echange Continentale Africaine (ZLECAf).<br \/>\nUne occasion pour le G\u00e9n\u00e9ral et Directeur G\u00e9n\u00e9ral des Douanes ivoiriennes, Da Pierre Alphonse, de camper les d\u00e9fis de l\u2019int\u00e9gration africaine et l\u2019exaltation pour les relever au nom de notre Continent. Le s\u00e9minaire de renforcement des capacit\u00e9s douani\u00e8res, soutenu financi\u00e8rement par le Gouvernement du Japon, et le D\u00e9partement des Finances Publiques (FAD) du FMI, vise la modernisation des proc\u00e9dures utilis\u00e9es des administrations douani\u00e8res d\u2019Afrique de l\u2019Ouest (et du continent) en vue d\u2019atteindre les objectifs fix\u00e9s par l\u2019accord sur la Zone de Libre-\u00c9change Continentale Africaine (ZLECAf). Ce dernier sign\u00e9 en 2018 est entr\u00e9 en vigueur depuis 2019 et rassemble 54 Etats africains parmi lesquels 46 ont, \u00e0 ce jour, d\u00e9pos\u00e9 les instruments de sa ratification. <\/p>\n<p>Selon le Dg des douanes ivoiriennes, Da Pierre Alphonse, les pays africains ont ainsi ent\u00e9rin\u00e9 \u00ab leur volont\u00e9 d\u2019aller progressivement \u00e0 un commerce sans barri\u00e8res non tarifaires et sans droits de douane \u00bb. Mais il rappelle que \u00ab cet Accord qui vise le d\u00e9veloppement des chaines de valeurs au niveau r\u00e9gional et africain, la cr\u00e9ation d\u2019un march\u00e9 continental unique, la promotion de l\u2019industrialisation et le d\u00e9veloppement des infrastructures en Afrique, d\u00e9bute sa mise en \u0153uvre par le commerce des services et le commerce des marchandises dont les Administrations des Douanes sont les principaux r\u00e9gulateurs.\u00bb. Et pour ce faire, souligne-t-il, \u00ab de nombreux outils et instruments ont \u00e9t\u00e9 adopt\u00e9s \u00e0 la suite des n\u00e9gociations quasi achev\u00e9es sur les deux volets suscit\u00e9s \u00bb, que les Etats se doivent de mettre effectivement en \u0153uvre. Il a \u00e9galement invit\u00e9 les administrations douani\u00e8res \u00ab en tant qu\u2019acteurs majeurs \u00bb de coordonner leurs initiatives de reformes pour lever les freins au commerce interafricain en relevant notamment le d\u00e9fi de renforcement des capacit\u00e9s des agents des douanes qu\u2019induit la mise en \u0153uvre de l\u2019Accord de libre-\u00e9change de la ZLECAf.<br \/>\nLe G\u00e9n\u00e9ral Da Pierre Alphonse a cern\u00e9 les attentes et indiqu\u00e9 que les r\u00e9sultats du s\u00e9minaire devraient permettre l\u2019identification pr\u00e9cise des d\u00e9fis \u00e0 relever tant au niveau communautaire qu\u2019au niveau individuel des Etats dans la mise en \u0153uvre de cet Accord; l\u2019\u00e9laboration de mesures et proc\u00e9dures appropri\u00e9es pour relever chacun des d\u00e9fis identifi\u00e9s en prenant en compte la facilitation des \u00e9changes et la digitalisation des proc\u00e9dures et enfin \u00e0 l\u2019expression pr\u00e9cise des besoins pour la mise en \u0153uvre r\u00e9ussie dudit Accord.<\/p>\n<p>\u00abNous prenons conscience de la place des douanes dans le succ\u00e8s de ce gigantesque projet \u00bb a not\u00e9 le G\u00e9n\u00e9ral, Da Pierre Alphonse, avant d\u2019insister sur leur r\u00f4le d\u00e9terminant et sur une \u00e9mulation des r\u00e9gions et des structures communautaires pour faire concr\u00e9tiser l\u2019int\u00e9gration continentale. Il dans ce cadre dit miser sur les capacit\u00e9s des ressources humaines ouest-africaines pour faire avancer les choses tout en les exhortant \u00e0 profiter de l\u2019exp\u00e9rience et du savoir-faire d\u2019Afritac en la personne de notre compatriote, Mohamed Mahmoud Ould Beilil, qu\u2019il surnomme affectueusement le \u00abBaobab\u00bb des douanes.<br \/>\nPlusieurs th\u00e9matiques comme \u00ab la modernisation de la gestion et du contr\u00f4le de l\u2019origine pr\u00e9f\u00e9rentielle\u00bb, \u00abla proc\u00e9dure de d\u00e9douanement intracontinentale digitalis\u00e9e, harmonis\u00e9e\u00bb ou encore \u00ab les proc\u00e9dures facilitant l\u2019acc\u00e8s des petites et moyennes entreprises aux avantages de l\u2019Accord, et l\u2019opportunit\u00e9 de formaliser le commerce frontalier informel\u00bb ont \u00e9t\u00e9 d\u00e9battus par les participants, le premier d\u2019une s\u00e9rie de trois s\u00e9minaires pr\u00e9vus en 2023.<\/p>\n","protected":false},"excerpt":{"rendered":"<p>La C\u00f4te d\u2019Ivoire a abrit\u00e9 du 5 au 7 juin 2023, un s\u00e9minaire r\u00e9gional sur la modernisation des proc\u00e9dures douani\u00e8res en vue de l\u2019atteinte des objectifs de la Zone de Libre-Echange Continentale Africaine (ZLECAf). Une occasion pour le G\u00e9n\u00e9ral et Directeur G\u00e9n\u00e9ral des Douanes ivoiriennes, Da Pierre Alphonse, de camper les d\u00e9fis de l\u2019int\u00e9gration africaine &hellip;<\/p>\n","protected":false},"author":2,"featured_media":5939,"comment_status":"open","ping_status":"open","sticky":false,"template":"","format":"standard","meta":{"footnotes":""},"categories":[18,2,29,1],"tags":[],"class_list":["post-5936","post","type-post","status-publish","format-standard","has-post-thumbnail","hentry","category-actualites","category-economie","category-monde","category-uncategorized"],"_links":{"self":[{"href":"https:\/\/ladepeche.mr\/index.php?rest_route=\/wp\/v2\/posts\/5936","targetHints":{"allow":["GET"]}}],"collection":[{"href":"https:\/\/ladepeche.mr\/index.php?rest_route=\/wp\/v2\/posts"}],"about":[{"href":"https:\/\/ladepeche.mr\/index.php?rest_route=\/wp\/v2\/types\/post"}],"author":[{"embeddable":true,"href":"https:\/\/ladepeche.mr\/index.php?rest_route=\/wp\/v2\/users\/2"}],"replies":[{"embeddable":true,"href":"https:\/\/ladepeche.mr\/index.php?rest_route=%2Fwp%2Fv2%2Fcomments&post=5936"}],"version-history":[{"count":1,"href":"https:\/\/ladepeche.mr\/index.php?rest_route=\/wp\/v2\/posts\/5936\/revisions"}],"predecessor-version":[{"id":5937,"href":"https:\/\/ladepeche.mr\/index.php?rest_route=\/wp\/v2\/posts\/5936\/revisions\/5937"}],"wp:featuredmedia":[{"embeddable":true,"href":"https:\/\/ladepeche.mr\/index.php?rest_route=\/wp\/v2\/media\/5939"}],"wp:attachment":[{"href":"https:\/\/ladepeche.mr\/index.php?rest_route=%2Fwp%2Fv2%2Fmedia&parent=5936"}],"wp:term":[{"taxonomy":"category","embeddable":true,"href":"https:\/\/ladepeche.mr\/index.php?rest_route=%2Fwp%2Fv2%2Fcategories&post=5936"},{"taxonomy":"post_tag","embeddable":true,"href":"https:\/\/ladepeche.mr\/index.php?rest_route=%2Fwp%2Fv2%2Ftags&post=5936"}],"curies":[{"name":"wp","href":"https:\/\/api.w.org\/{rel}","templated":true}]}}