{"id":5940,"date":"2023-06-08T12:10:00","date_gmt":"2023-06-08T12:10:00","guid":{"rendered":"https:\/\/ladepeche.mr\/?p=5940"},"modified":"2023-06-08T12:10:00","modified_gmt":"2023-06-08T12:10:00","slug":"societe-generale-de-mauritanie-bientot-dans-lescarcelle-de-coris-bank-international-cbi","status":"publish","type":"post","link":"https:\/\/ladepeche.mr\/?p=5940","title":{"rendered":"Soci\u00e9t\u00e9 G\u00e9n\u00e9rale de Mauritanie : Bient\u00f4t dans l\u2019escarcelle de Coris Bank International (CBI)"},"content":{"rendered":"<p>Le Groupe Soci\u00e9t\u00e9 G\u00e9n\u00e9rale veut se d\u00e9sengager de ses banques filiales en Afrique et notamment de Soci\u00e9t\u00e9 G\u00e9n\u00e9rale Mauritanie dont il d\u00e9tient 95,5% d\u2019actions et qu\u2019il entend c\u00e9der \u00e0 la Banque Burkinab\u00e9 Coris Bank International, fond\u00e9e par l\u2019argentier Idrissa Nassa.<br \/>\nSelon l\u2019entente avec le prochain acqu\u00e9reur, ce dernier s\u2019engagerait, comme pour les autres filiales c\u00e9d\u00e9es, \u00e0 reprendre \u00abla totalit\u00e9 des activit\u00e9s op\u00e9r\u00e9es par Soci\u00e9t\u00e9 G\u00e9n\u00e9rale en Mauritanie ainsi que l&#8217;int\u00e9gralit\u00e9 des portefeuilles clients et l&#8217;ensemble des collaborateurs\u00bb. Un deadline est fix\u00e9e, \u00ab d&#8217;ici la fin de l&#8217;ann\u00e9e \u00bb, pour ces cessions d\u00e9finitives des participations du groupe dans ses filiales africaines au Congo, en Guin\u00e9e \u00e9quatoriale, en Mauritanie et au Tchad.<br \/>\nLe groupe Burkinab\u00e9 semble avoir bonne r\u00e9putation et sait surtout cr\u00e9er de la richesse. Inaugur\u00e9e en 2008 sur les d\u00e9combres d\u2019un \u00e9tablissement de cr\u00e9dit burkinab\u00e9, la Financi\u00e8re du Burkina (FIB), son maitre d\u2019\u0153uvre, Idrissa Nassa, a su relever -pendant que personne n\u2019\u00e9tait pr\u00eat \u00e0 parier le moindre Fcfa dessus- cet \u00e9tablissement et en faire une banque qui marche. La vision et la prise de risque dans le financement des PME-PMI a \u00e9t\u00e9 la cl\u00e9 du succ\u00e8s.<br \/>\nMais apparemment rien ne semblait devoir arr\u00eater la success story d\u2019Idrissa Nassa qui d\u00e9ploie d\u00e9sormais les ailes de Coris Bank dans l\u2019espace ouest-africain en lan\u00e7ant en mars 2022, la premi\u00e8re agence de Coris Bank en Guin\u00e9e Bissau avant d\u2019inaugurer une nouvelle aventure financi\u00e8re au pays du million de po\u00e8tes. <\/p>\n","protected":false},"excerpt":{"rendered":"<p>Le Groupe Soci\u00e9t\u00e9 G\u00e9n\u00e9rale veut se d\u00e9sengager de ses banques filiales en Afrique et notamment de Soci\u00e9t\u00e9 G\u00e9n\u00e9rale Mauritanie dont il d\u00e9tient 95,5% d\u2019actions et qu\u2019il entend c\u00e9der \u00e0 la Banque Burkinab\u00e9 Coris Bank International, fond\u00e9e par l\u2019argentier Idrissa Nassa. Selon l\u2019entente avec le prochain acqu\u00e9reur, ce dernier s\u2019engagerait, comme pour les autres filiales c\u00e9d\u00e9es, &hellip;<\/p>\n","protected":false},"author":2,"featured_media":5941,"comment_status":"open","ping_status":"open","sticky":false,"template":"","format":"standard","meta":{"footnotes":""},"categories":[18,2],"tags":[],"class_list":["post-5940","post","type-post","status-publish","format-standard","has-post-thumbnail","hentry","category-actualites","category-economie"],"_links":{"self":[{"href":"https:\/\/ladepeche.mr\/index.php?rest_route=\/wp\/v2\/posts\/5940","targetHints":{"allow":["GET"]}}],"collection":[{"href":"https:\/\/ladepeche.mr\/index.php?rest_route=\/wp\/v2\/posts"}],"about":[{"href":"https:\/\/ladepeche.mr\/index.php?rest_route=\/wp\/v2\/types\/post"}],"author":[{"embeddable":true,"href":"https:\/\/ladepeche.mr\/index.php?rest_route=\/wp\/v2\/users\/2"}],"replies":[{"embeddable":true,"href":"https:\/\/ladepeche.mr\/index.php?rest_route=%2Fwp%2Fv2%2Fcomments&post=5940"}],"version-history":[{"count":1,"href":"https:\/\/ladepeche.mr\/index.php?rest_route=\/wp\/v2\/posts\/5940\/revisions"}],"predecessor-version":[{"id":5942,"href":"https:\/\/ladepeche.mr\/index.php?rest_route=\/wp\/v2\/posts\/5940\/revisions\/5942"}],"wp:featuredmedia":[{"embeddable":true,"href":"https:\/\/ladepeche.mr\/index.php?rest_route=\/wp\/v2\/media\/5941"}],"wp:attachment":[{"href":"https:\/\/ladepeche.mr\/index.php?rest_route=%2Fwp%2Fv2%2Fmedia&parent=5940"}],"wp:term":[{"taxonomy":"category","embeddable":true,"href":"https:\/\/ladepeche.mr\/index.php?rest_route=%2Fwp%2Fv2%2Fcategories&post=5940"},{"taxonomy":"post_tag","embeddable":true,"href":"https:\/\/ladepeche.mr\/index.php?rest_route=%2Fwp%2Fv2%2Ftags&post=5940"}],"curies":[{"name":"wp","href":"https:\/\/api.w.org\/{rel}","templated":true}]}}