{"id":5947,"date":"2023-06-08T21:21:28","date_gmt":"2023-06-08T21:21:28","guid":{"rendered":"https:\/\/ladepeche.mr\/?p=5947"},"modified":"2023-06-08T21:33:35","modified_gmt":"2023-06-08T21:33:35","slug":"5eme-sommet-arabe-pour-le-developpement-mise-en-place-des-commissions-preparatoires","status":"publish","type":"post","link":"https:\/\/ladepeche.mr\/?p=5947","title":{"rendered":"5\u00e8me Sommet arabe pour le d\u00e9veloppement en Mauritanie: Mise en place des commissions pr\u00e9paratoires"},"content":{"rendered":"<p>Le Ministre Secr\u00e9taire G\u00e9n\u00e9ral de la Pr\u00e9sidence de la R\u00e9publique, Dr Moulaye Ould Mohamed Laghdaf, a pr\u00e9sid\u00e9 jeudi une r\u00e9union du Comit\u00e9 Minist\u00e9riel charg\u00e9 de pr\u00e9parer le Cinqui\u00e8me Sommet Arabe pour le D\u00e9veloppement au cours de laquelle 5 commissions ont \u00e9t\u00e9 mises en place en pr\u00e9vision du sommet pr\u00e9vu les 6 et 7 novembre 2023 \u00e0 Nouakchott.<br \/>\nLe ministre secr\u00e9taire g\u00e9n\u00e9ral de la pr\u00e9sidence a rappel\u00e9 l\u2019importance qu\u2019accorde le pr\u00e9sident de la R\u00e9publique \u00e0 la tenue de ce sommet et le besoin de prendre les mesures idoines pour un assurer un succ\u00e8s \u00e9clatant dans notre pays tant du point de vue de la qualit\u00e9 du contenu et que de l\u2019organisation.<br \/>\nLe comit\u00e9 interminist\u00e9riel a aussi pu compter sur l\u2019exp\u00e9rience du Directeur G\u00e9n\u00e9ral du Protocole de l&#8217;Etat, El Hassan Ould Mohamed, qui a fait un expos\u00e9 d\u00e9taill\u00e9 sur les m\u00e9canismes d&#8217;organisation de cet \u00e9v\u00e9nement et sur la n\u00e9cessit\u00e9 d\u2019\u00e9viter l\u2019improvisation et ne pas l\u00e9siner sur les moyens disponibles \u00e0 m\u00eame de relever les d\u00e9fis de l&#8217;organisation de ce sommet.<br \/>\nAinsi les participants ont insist\u00e9 sur la n\u00e9cessit\u00e9 de constituer des commissions techniques pour assurer une bonne pr\u00e9paration du sommet. Pour ce faire, 5 commission dont la Commission d&#8217;Accueil et d&#8217;Hospitalit\u00e9, celle des Transports, celle des Infrastructures et des services, celle de la culture et de l&#8217;information et la du contenu.<br \/>\nPlusieurs membres du gouvernements, du commandement de l\u2019\u00e9tat-major sp\u00e9cial et des conseillers \u00e0 la pr\u00e9sidence ont pris part \u00e0 la mise en place de ces commissions de pr\u00e9paration du futur sommet arabe.<\/p>\n","protected":false},"excerpt":{"rendered":"<p>Le Ministre Secr\u00e9taire G\u00e9n\u00e9ral de la Pr\u00e9sidence de la R\u00e9publique, Dr Moulaye Ould Mohamed Laghdaf, a pr\u00e9sid\u00e9 jeudi une r\u00e9union du Comit\u00e9 Minist\u00e9riel charg\u00e9 de pr\u00e9parer le Cinqui\u00e8me Sommet Arabe pour le D\u00e9veloppement au cours de laquelle 5 commissions ont \u00e9t\u00e9 mises en place en pr\u00e9vision du sommet pr\u00e9vu les 6 et 7 novembre 2023 &hellip;<\/p>\n","protected":false},"author":2,"featured_media":5948,"comment_status":"open","ping_status":"open","sticky":false,"template":"","format":"standard","meta":{"footnotes":""},"categories":[18,2,29],"tags":[],"class_list":["post-5947","post","type-post","status-publish","format-standard","has-post-thumbnail","hentry","category-actualites","category-economie","category-monde"],"_links":{"self":[{"href":"https:\/\/ladepeche.mr\/index.php?rest_route=\/wp\/v2\/posts\/5947","targetHints":{"allow":["GET"]}}],"collection":[{"href":"https:\/\/ladepeche.mr\/index.php?rest_route=\/wp\/v2\/posts"}],"about":[{"href":"https:\/\/ladepeche.mr\/index.php?rest_route=\/wp\/v2\/types\/post"}],"author":[{"embeddable":true,"href":"https:\/\/ladepeche.mr\/index.php?rest_route=\/wp\/v2\/users\/2"}],"replies":[{"embeddable":true,"href":"https:\/\/ladepeche.mr\/index.php?rest_route=%2Fwp%2Fv2%2Fcomments&post=5947"}],"version-history":[{"count":2,"href":"https:\/\/ladepeche.mr\/index.php?rest_route=\/wp\/v2\/posts\/5947\/revisions"}],"predecessor-version":[{"id":5950,"href":"https:\/\/ladepeche.mr\/index.php?rest_route=\/wp\/v2\/posts\/5947\/revisions\/5950"}],"wp:featuredmedia":[{"embeddable":true,"href":"https:\/\/ladepeche.mr\/index.php?rest_route=\/wp\/v2\/media\/5948"}],"wp:attachment":[{"href":"https:\/\/ladepeche.mr\/index.php?rest_route=%2Fwp%2Fv2%2Fmedia&parent=5947"}],"wp:term":[{"taxonomy":"category","embeddable":true,"href":"https:\/\/ladepeche.mr\/index.php?rest_route=%2Fwp%2Fv2%2Fcategories&post=5947"},{"taxonomy":"post_tag","embeddable":true,"href":"https:\/\/ladepeche.mr\/index.php?rest_route=%2Fwp%2Fv2%2Ftags&post=5947"}],"curies":[{"name":"wp","href":"https:\/\/api.w.org\/{rel}","templated":true}]}}