{"id":5951,"date":"2023-06-09T12:41:28","date_gmt":"2023-06-09T12:41:28","guid":{"rendered":"https:\/\/ladepeche.mr\/?p=5951"},"modified":"2023-06-09T12:41:28","modified_gmt":"2023-06-09T12:41:28","slug":"recherche-de-solution-politique-en-libye-la-mauritanie-salue-les-efforts-considerables-du-maroc","status":"publish","type":"post","link":"https:\/\/ladepeche.mr\/?p=5951","title":{"rendered":"Recherche de solution politique en Libye : La Mauritanie salue \u00ab les efforts consid\u00e9rables \u00bb du Maroc"},"content":{"rendered":"<p>La Mauritanie, par la voie du minist\u00e8re des affaires \u00e9trang\u00e8res, de la coop\u00e9ration et des mauritaniens de l\u2019ext\u00e9rieur, a salu\u00e9 les efforts d\u00e9ploy\u00e9s par le royaume du Maroc en vue de trouver une solution politique durable entre les bellig\u00e9rants de la crise libyenne.<br \/>\nLe minist\u00e8re mauritanien indique dans un communiqu\u00e9 publi\u00e9 pour la circonstance que la Mauritanie \u00ab a accueilli avec satisfaction la nouvelle selon laquelle les membres de la commission paritaire mandat\u00e9e par la Chambre des Repr\u00e9sentants et le Haut Conseil d\u2019\u00c9tat libyen (6+6), lors des n\u00e9gociations accueillies par la ville de Bouznika, Maroc, sont parvenus \u00e0 un accord sur les lois r\u00e9gissant les \u00e9lections pr\u00e9sidentielles et l\u00e9gislatives pr\u00e9vues pour la fin de cette ann\u00e9e en Libye \u00bb.<br \/>\nUn aboutissement dont le gouvernement mauritanien attribue la r\u00e9alisation aux \u00ab efforts consid\u00e9rables d\u00e9ploy\u00e9s par le Royaume du Maroc en vue de rapprocher les vues des diff\u00e9rentes parties libyennes pour parvenir \u00e0 cet important accord qui ouvre la voie \u00e0 la mise en place des conditions n\u00e9cessaires au parach\u00e8vement du processus \u00e9lectoral libyen dans les meilleures conditions et de mani\u00e8re consensuelle et participative \u00bb.<\/p>\n<p>Le gouvernement mauritanien a, par ailleurs, renouvel\u00e9 soutien total \u00ab \u00e0 tous les efforts arabes, africains et internationaux visant \u00e0 trouver un r\u00e8glement d\u00e9finitif \u00e0 la crise de ce pays fr\u00e8re d\u2019une mani\u00e8re qui pr\u00e9serve son unit\u00e9, ses int\u00e9r\u00eats nationaux et son ind\u00e9pendance, jette les bases de la paix et de la s\u00e9curit\u00e9 sur l\u2019ensemble de son territoire, et garantit une vie d\u00e9cente et un d\u00e9veloppement global \u00e0 son peuple&#8221;. Fin de citation.<br \/>\nLa Mauritanie, le Maroc, l\u2019Alg\u00e9rie et la Tunisie, forment, rappelle-t-on, avec la Libye, l\u2019Union du Maghreb Arabe.<\/p>\n","protected":false},"excerpt":{"rendered":"<p>La Mauritanie, par la voie du minist\u00e8re des affaires \u00e9trang\u00e8res, de la coop\u00e9ration et des mauritaniens de l\u2019ext\u00e9rieur, a salu\u00e9 les efforts d\u00e9ploy\u00e9s par le royaume du Maroc en vue de trouver une solution politique durable entre les bellig\u00e9rants de la crise libyenne. Le minist\u00e8re mauritanien indique dans un communiqu\u00e9 publi\u00e9 pour la circonstance que &hellip;<\/p>\n","protected":false},"author":2,"featured_media":5952,"comment_status":"open","ping_status":"open","sticky":false,"template":"","format":"standard","meta":{"footnotes":""},"categories":[18,29],"tags":[],"class_list":["post-5951","post","type-post","status-publish","format-standard","has-post-thumbnail","hentry","category-actualites","category-monde"],"_links":{"self":[{"href":"https:\/\/ladepeche.mr\/index.php?rest_route=\/wp\/v2\/posts\/5951","targetHints":{"allow":["GET"]}}],"collection":[{"href":"https:\/\/ladepeche.mr\/index.php?rest_route=\/wp\/v2\/posts"}],"about":[{"href":"https:\/\/ladepeche.mr\/index.php?rest_route=\/wp\/v2\/types\/post"}],"author":[{"embeddable":true,"href":"https:\/\/ladepeche.mr\/index.php?rest_route=\/wp\/v2\/users\/2"}],"replies":[{"embeddable":true,"href":"https:\/\/ladepeche.mr\/index.php?rest_route=%2Fwp%2Fv2%2Fcomments&post=5951"}],"version-history":[{"count":1,"href":"https:\/\/ladepeche.mr\/index.php?rest_route=\/wp\/v2\/posts\/5951\/revisions"}],"predecessor-version":[{"id":5953,"href":"https:\/\/ladepeche.mr\/index.php?rest_route=\/wp\/v2\/posts\/5951\/revisions\/5953"}],"wp:featuredmedia":[{"embeddable":true,"href":"https:\/\/ladepeche.mr\/index.php?rest_route=\/wp\/v2\/media\/5952"}],"wp:attachment":[{"href":"https:\/\/ladepeche.mr\/index.php?rest_route=%2Fwp%2Fv2%2Fmedia&parent=5951"}],"wp:term":[{"taxonomy":"category","embeddable":true,"href":"https:\/\/ladepeche.mr\/index.php?rest_route=%2Fwp%2Fv2%2Fcategories&post=5951"},{"taxonomy":"post_tag","embeddable":true,"href":"https:\/\/ladepeche.mr\/index.php?rest_route=%2Fwp%2Fv2%2Ftags&post=5951"}],"curies":[{"name":"wp","href":"https:\/\/api.w.org\/{rel}","templated":true}]}}