{"id":5958,"date":"2023-06-09T14:53:01","date_gmt":"2023-06-09T14:53:01","guid":{"rendered":"https:\/\/ladepeche.mr\/?p=5958"},"modified":"2023-06-09T15:05:54","modified_gmt":"2023-06-09T15:05:54","slug":"mauritanie-la-nouvelle-assemblee-issue-des-elections-convoquees-en-session-extraordinaire","status":"publish","type":"post","link":"https:\/\/ladepeche.mr\/?p=5958","title":{"rendered":"Mauritanie-La nouvelle assembl\u00e9e issue des derni\u00e8res \u00e9lections convoqu\u00e9e en session extraordinaire"},"content":{"rendered":"<p>La pr\u00e9sidence de la R\u00e9publique a convoqu\u00e9 en session extraordinaire, le 19 juin courant, la nouvelle Assembl\u00e9e nationale issue des \u00e9lections g\u00e9n\u00e9rales du 13 et 17 mai 2023, annonce un communiqu\u00e9 rendu officiel ce vendredi \u00e0 Nouakchott.<br \/>\n176 d\u00e9put\u00e9s dont 4 repr\u00e9sentant les mauritaniens de l\u2019ext\u00e9rieur composent la nouvelle assembl\u00e9e o\u00f9 le parti au pouvoir \u00ab El Insaf \u00bb a totalis\u00e9 107 \u00e9lus s\u2019adjugeant une majorit\u00e9 absolue lors des derni\u00e8res consultations. Il est talonn\u00e9, au sein de l&#8217;ex-majorit\u00e9 pr\u00e9sidentielle, et avec 10 d\u00e9put\u00e9s seulement, par l\u2019Union pour la D\u00e9mocratie et le Progr\u00e8s (UDP), pr\u00e9sid\u00e9e par la ministre conseill\u00e8re \u00e0 la pr\u00e9sidence, Naha Mint Mouknass .<br \/>\nL\u2019opposition dont certains t\u00e9nors comme l\u2019UFP ou le RFD n\u2019ont pas pu \u00e9lire de repr\u00e9sentants \u00e0 l\u2019assembl\u00e9e nationale totalise moins de trente d\u00e9put\u00e9s au total dont 11 pour le parti Tawassoul (Islamistes).<br \/>\nCes derni\u00e8res \u00e9lections marqu\u00e9es par une gestion abracadabrante par la Commission Electorale Nationale Ind\u00e9pendante (CENI) ont suscit\u00e9 de vives contestations des acteurs politiques y compris de la part du parti au pouvoir quant \u00e0 leur transparence.<\/p>\n","protected":false},"excerpt":{"rendered":"<p>La pr\u00e9sidence de la R\u00e9publique a convoqu\u00e9 en session extraordinaire, le 19 juin courant, la nouvelle Assembl\u00e9e nationale issue des \u00e9lections g\u00e9n\u00e9rales du 13 et 17 mai 2023, annonce un communiqu\u00e9 rendu officiel ce vendredi \u00e0 Nouakchott. 176 d\u00e9put\u00e9s dont 4 repr\u00e9sentant les mauritaniens de l\u2019ext\u00e9rieur composent la nouvelle assembl\u00e9e o\u00f9 le parti au pouvoir &hellip;<\/p>\n","protected":false},"author":2,"featured_media":5960,"comment_status":"open","ping_status":"open","sticky":false,"template":"","format":"standard","meta":{"footnotes":""},"categories":[18],"tags":[],"class_list":["post-5958","post","type-post","status-publish","format-standard","has-post-thumbnail","hentry","category-actualites"],"_links":{"self":[{"href":"https:\/\/ladepeche.mr\/index.php?rest_route=\/wp\/v2\/posts\/5958","targetHints":{"allow":["GET"]}}],"collection":[{"href":"https:\/\/ladepeche.mr\/index.php?rest_route=\/wp\/v2\/posts"}],"about":[{"href":"https:\/\/ladepeche.mr\/index.php?rest_route=\/wp\/v2\/types\/post"}],"author":[{"embeddable":true,"href":"https:\/\/ladepeche.mr\/index.php?rest_route=\/wp\/v2\/users\/2"}],"replies":[{"embeddable":true,"href":"https:\/\/ladepeche.mr\/index.php?rest_route=%2Fwp%2Fv2%2Fcomments&post=5958"}],"version-history":[{"count":9,"href":"https:\/\/ladepeche.mr\/index.php?rest_route=\/wp\/v2\/posts\/5958\/revisions"}],"predecessor-version":[{"id":5969,"href":"https:\/\/ladepeche.mr\/index.php?rest_route=\/wp\/v2\/posts\/5958\/revisions\/5969"}],"wp:featuredmedia":[{"embeddable":true,"href":"https:\/\/ladepeche.mr\/index.php?rest_route=\/wp\/v2\/media\/5960"}],"wp:attachment":[{"href":"https:\/\/ladepeche.mr\/index.php?rest_route=%2Fwp%2Fv2%2Fmedia&parent=5958"}],"wp:term":[{"taxonomy":"category","embeddable":true,"href":"https:\/\/ladepeche.mr\/index.php?rest_route=%2Fwp%2Fv2%2Fcategories&post=5958"},{"taxonomy":"post_tag","embeddable":true,"href":"https:\/\/ladepeche.mr\/index.php?rest_route=%2Fwp%2Fv2%2Ftags&post=5958"}],"curies":[{"name":"wp","href":"https:\/\/api.w.org\/{rel}","templated":true}]}}