{"id":5970,"date":"2023-06-09T15:24:03","date_gmt":"2023-06-09T15:24:03","guid":{"rendered":"https:\/\/ladepeche.mr\/?p=5970"},"modified":"2023-06-09T15:24:03","modified_gmt":"2023-06-09T15:24:03","slug":"mtnima-signature-dun-protocole-daccord-avec-une-holding-emiratie","status":"publish","type":"post","link":"https:\/\/ladepeche.mr\/?p=5970","title":{"rendered":"MTNIMA: Signature d\u2019un protocole d\u2019accord avec une holding \u00e9miratie"},"content":{"rendered":"<p>\u00ab D\u00e9velopper les infrastructures num\u00e9riques en misant sur le cloud et de favoriser l\u2019\u00e9closion des talents locaux \u00bb telle semble l\u2019id\u00e9e qui obnubile Moctar Ahmed Yedaly, ministre mauritanien de la Transformation num\u00e9rique, de l&#8217;Innovation et de la Modernisation de l&#8217;administration. Il vient de signer, en marge  du du Gitex Africa, organis\u00e9 \u00e0 Marrakech (Maroc) avec Thomas Pramotedham, pr\u00e9sident-directeur g\u00e9n\u00e9ral de Presight, une filiale de la holding \u00e9miratie G42 un protocole d\u2019accord.  \u00abLa construction d&#8217;un cloud national renforcera certainement notre souverainet\u00e9 nationale \u00bb, aurait confi\u00e9 \u00e0 des confr\u00e8res pr\u00e9sents \u00e0 Marrakech, Moctar Ahmed Yedaly, lors de la signature de ce protocole.<\/p>\n","protected":false},"excerpt":{"rendered":"<p>\u00ab D\u00e9velopper les infrastructures num\u00e9riques en misant sur le cloud et de favoriser l\u2019\u00e9closion des talents locaux \u00bb telle semble l\u2019id\u00e9e qui obnubile Moctar Ahmed Yedaly, ministre mauritanien de la Transformation num\u00e9rique, de l&#8217;Innovation et de la Modernisation de l&#8217;administration. Il vient de signer, en marge du du Gitex Africa, organis\u00e9 \u00e0 Marrakech (Maroc) avec &hellip;<\/p>\n","protected":false},"author":2,"featured_media":5971,"comment_status":"open","ping_status":"open","sticky":false,"template":"","format":"standard","meta":{"footnotes":""},"categories":[18,2,25],"tags":[],"class_list":["post-5970","post","type-post","status-publish","format-standard","has-post-thumbnail","hentry","category-actualites","category-economie","category-en-forme"],"_links":{"self":[{"href":"https:\/\/ladepeche.mr\/index.php?rest_route=\/wp\/v2\/posts\/5970","targetHints":{"allow":["GET"]}}],"collection":[{"href":"https:\/\/ladepeche.mr\/index.php?rest_route=\/wp\/v2\/posts"}],"about":[{"href":"https:\/\/ladepeche.mr\/index.php?rest_route=\/wp\/v2\/types\/post"}],"author":[{"embeddable":true,"href":"https:\/\/ladepeche.mr\/index.php?rest_route=\/wp\/v2\/users\/2"}],"replies":[{"embeddable":true,"href":"https:\/\/ladepeche.mr\/index.php?rest_route=%2Fwp%2Fv2%2Fcomments&post=5970"}],"version-history":[{"count":1,"href":"https:\/\/ladepeche.mr\/index.php?rest_route=\/wp\/v2\/posts\/5970\/revisions"}],"predecessor-version":[{"id":5972,"href":"https:\/\/ladepeche.mr\/index.php?rest_route=\/wp\/v2\/posts\/5970\/revisions\/5972"}],"wp:featuredmedia":[{"embeddable":true,"href":"https:\/\/ladepeche.mr\/index.php?rest_route=\/wp\/v2\/media\/5971"}],"wp:attachment":[{"href":"https:\/\/ladepeche.mr\/index.php?rest_route=%2Fwp%2Fv2%2Fmedia&parent=5970"}],"wp:term":[{"taxonomy":"category","embeddable":true,"href":"https:\/\/ladepeche.mr\/index.php?rest_route=%2Fwp%2Fv2%2Fcategories&post=5970"},{"taxonomy":"post_tag","embeddable":true,"href":"https:\/\/ladepeche.mr\/index.php?rest_route=%2Fwp%2Fv2%2Ftags&post=5970"}],"curies":[{"name":"wp","href":"https:\/\/api.w.org\/{rel}","templated":true}]}}