{"id":5973,"date":"2023-06-09T22:07:39","date_gmt":"2023-06-09T22:07:39","guid":{"rendered":"https:\/\/ladepeche.mr\/?p=5973"},"modified":"2023-06-09T22:12:39","modified_gmt":"2023-06-09T22:12:39","slug":"urgent-deces-de-oumar-hamadi-diop-lautopsie-conclut-a-une-mort-des-suites-dun-arret-cardiaque","status":"publish","type":"post","link":"https:\/\/ladepeche.mr\/?p=5973","title":{"rendered":"Urgent- D\u00e9c\u00e8s de Oumar Hamadi Diop: L&#8217;autopsie conclut \u00e0 une mort des suites d&#8217;un &#8220;arr\u00eat cardiaque&#8221;"},"content":{"rendered":"<p>La mort de Oumar Hamadi Diop qui a d\u00e9fray\u00e9 la chronique et qui a \u00e9t\u00e9 \u00e0 l&#8217;origine de violents heurts dans plusieurs villes de Mauritanie r\u00e9sulterait \u00abd\u2019un arr\u00eat cardiaque avec une affection aigue au syst\u00e8me nerveux central en rapport \u00e0 une pr\u00e9sence \u00e0 forte dose de la coca\u00efne, en plus de la consommation r\u00e9cente d\u2019alcool\u00bb a conclu le m\u00e9decin l\u00e9giste marocain commis dans cette affaire pour faire la lumi\u00e8re sur la cause du d\u00e9c\u00e8s, r\u00e9v\u00e8le dans un communiqu\u00e9 publi\u00e9 vendredi le parquet g\u00e9n\u00e9ral.<br \/>\nSelon ce m\u00eame communiqu\u00e9, &#8220;Le m\u00e9decin mandat\u00e9 par la famille du d\u00e9funt les a consult\u00e9s, et une copie du rapport d\u2019autopsie dans sa forme finale a \u00e9t\u00e9 remise aux repr\u00e9sentants la famille&#8221; alors que, de m\u00eame source, &#8220;la r\u00e9ception des r\u00e9sultats s\u2019est d\u00e9roul\u00e9e dans des conditions d\u2019extr\u00eame s\u00e9curisation et de protection des documents judiciaires exp\u00e9di\u00e9s&#8221;.<br \/>\nLe rapport l\u00e9giste confirmerait suite \u00e0 ces analyses l&#8217;absence &#8220;de causes criminelles du d\u00e9c\u00e8s&#8221;.<br \/>\nOumar DIOP est d\u00e9c\u00e9d\u00e9, rappelle-t-on, le 28 mai \u00e0 Nouakchott apr\u00e8s son arrestation par une brigade du commissariat &#8220;Sebkha1&#8221;.<\/p>\n<p>Ci-apr\u00e8s le communiqu\u00e9 du parquet g\u00e9n\u00e9ral<\/p>\n<p>Suite aux informations annonc\u00e9es dans les pr\u00e9c\u00e9dents communiqu\u00e9s, le Parquet g\u00e9n\u00e9ral de Nouakchott \u2013Ouest a re\u00e7u ce matin, vendredi 09\/06\/2023, par la voie diplomatique, les r\u00e9sultats des analyses de laboratoire compl\u00e9mentaires \u00e0 l\u2019autopsie du corps du d\u00e9funt Oumar Hamadi Diop, Qu\u2019Allah l\u2019entoure de son paradis, et le rapport de l\u2019expert l\u00e9giste d\u00e9l\u00e9gu\u00e9 pour l\u2019affaire.<\/p>\n<p>Comme il a \u00e9t\u00e9 annonc\u00e9 auparavant, ces analyses ont \u00e9t\u00e9 effectu\u00e9es dans un laboratoire marocain sp\u00e9cialis\u00e9, sous la supervision d\u2019un expert m\u00e9dico-l\u00e9gal d\u00e9l\u00e9gu\u00e9, conform\u00e9ment aux accords de coop\u00e9ration judiciaire entre la Mauritanie et le Royaume fr\u00e8re du Maroc.<\/p>\n<p>La r\u00e9ception des r\u00e9sultats s\u2019est d\u00e9roul\u00e9e dans des conditions d\u2019extr\u00eame s\u00e9curisation et de protection des documents judiciaires exp\u00e9di\u00e9s. Le m\u00e9decin mandat\u00e9 par la famille du d\u00e9funt les a consult\u00e9s, et une copie du rapport d\u2019autopsie dans sa forme finale a \u00e9t\u00e9 remise aux repr\u00e9sentants la famille.<\/p>\n<p>Le rapport de l\u2019expert l\u00e9giste d\u00e9l\u00e9gu\u00e9 a \u00e9tabli, dans sa conclusion sur les causes du d\u00e9c\u00e8s d\u2019Oumar Hamadi Diop, qu\u2019il \u00ab r\u00e9sulte d\u2019un arr\u00eat cardiaque avec une affection aigue au syst\u00e8me nerveux central en rapport \u00e0 une pr\u00e9sence \u00e0 forte dose de la coca\u00efne, en plus de la consommation r\u00e9cente d\u2019alcool \u00bb. Ainsi donc le m\u00e9decin l\u00e9giste ach\u00e8ve le rapport d\u2019autopsie.<\/p>\n<p>Le minist\u00e8re public, tout en annon\u00e7ant \u00e0 l\u2019opinion publique la conclusion du rapport m\u00e9dico-l\u00e9gal final dans l\u2019affaire de la mort d\u2019Omar Hamadi Diop, implore Allah le Tout-Puissant de lui pardonner, d\u2019avoir piti\u00e9 de lui, de l\u2019entourer de sa mis\u00e9ricorde et d\u2019inspirer \u00e0 sa famille et de ses proches patience et r\u00e9confort.<\/p>\n<p>Nouakchott, 9 Juin 2023.<\/p>\n<p>Le Parquet g\u00e9n\u00e9ral.<\/p>\n","protected":false},"excerpt":{"rendered":"<p>La mort de Oumar Hamadi Diop qui a d\u00e9fray\u00e9 la chronique et qui a \u00e9t\u00e9 \u00e0 l&#8217;origine de violents heurts dans plusieurs villes de Mauritanie r\u00e9sulterait \u00abd\u2019un arr\u00eat cardiaque avec une affection aigue au syst\u00e8me nerveux central en rapport \u00e0 une pr\u00e9sence \u00e0 forte dose de la coca\u00efne, en plus de la consommation r\u00e9cente d\u2019alcool\u00bb &hellip;<\/p>\n","protected":false},"author":2,"featured_media":5974,"comment_status":"open","ping_status":"open","sticky":false,"template":"","format":"standard","meta":{"footnotes":""},"categories":[18],"tags":[],"class_list":["post-5973","post","type-post","status-publish","format-standard","has-post-thumbnail","hentry","category-actualites"],"_links":{"self":[{"href":"https:\/\/ladepeche.mr\/index.php?rest_route=\/wp\/v2\/posts\/5973","targetHints":{"allow":["GET"]}}],"collection":[{"href":"https:\/\/ladepeche.mr\/index.php?rest_route=\/wp\/v2\/posts"}],"about":[{"href":"https:\/\/ladepeche.mr\/index.php?rest_route=\/wp\/v2\/types\/post"}],"author":[{"embeddable":true,"href":"https:\/\/ladepeche.mr\/index.php?rest_route=\/wp\/v2\/users\/2"}],"replies":[{"embeddable":true,"href":"https:\/\/ladepeche.mr\/index.php?rest_route=%2Fwp%2Fv2%2Fcomments&post=5973"}],"version-history":[{"count":3,"href":"https:\/\/ladepeche.mr\/index.php?rest_route=\/wp\/v2\/posts\/5973\/revisions"}],"predecessor-version":[{"id":5977,"href":"https:\/\/ladepeche.mr\/index.php?rest_route=\/wp\/v2\/posts\/5973\/revisions\/5977"}],"wp:featuredmedia":[{"embeddable":true,"href":"https:\/\/ladepeche.mr\/index.php?rest_route=\/wp\/v2\/media\/5974"}],"wp:attachment":[{"href":"https:\/\/ladepeche.mr\/index.php?rest_route=%2Fwp%2Fv2%2Fmedia&parent=5973"}],"wp:term":[{"taxonomy":"category","embeddable":true,"href":"https:\/\/ladepeche.mr\/index.php?rest_route=%2Fwp%2Fv2%2Fcategories&post=5973"},{"taxonomy":"post_tag","embeddable":true,"href":"https:\/\/ladepeche.mr\/index.php?rest_route=%2Fwp%2Fv2%2Ftags&post=5973"}],"curies":[{"name":"wp","href":"https:\/\/api.w.org\/{rel}","templated":true}]}}