{"id":5979,"date":"2023-06-10T11:19:40","date_gmt":"2023-06-10T11:19:40","guid":{"rendered":"https:\/\/ladepeche.mr\/?p=5979"},"modified":"2023-06-10T11:19:40","modified_gmt":"2023-06-10T11:19:40","slug":"deces-de-omar-hamadi-diop-la-famille-du-defunt-prend-acte-des-conclusions-du-medecin-legiste","status":"publish","type":"post","link":"https:\/\/ladepeche.mr\/?p=5979","title":{"rendered":"D\u00e9c\u00e8s de Omar Hamadi Diop: la famille du d\u00e9funt prend acte des conclusions du m\u00e9decin l\u00e9giste\u00a0"},"content":{"rendered":"<p>Dans un communiqu\u00e9 qu\u2019elle a rendu public la famille de feu Omar Hamadi Diop annonce avoir pris acte des conclusions de l\u2019autopsie et decide de la lev\u00e9e du corps et son inhumation aujourd\u2019hui samedi.<br \/>\nDans son communiqu\u00e9 la famille du d\u00e9funt indique qu\u2019une \u201clecture des rapports de pr\u00e9l\u00e8vements et leurs conclusions nous ont \u00e9t\u00e9 faite par le m\u00e9decin l\u00e9giste en pr\u00e9sence des m\u00e9decins de la famille, du substitut du procureur, des avocats et quelques membres de la famille dont le p\u00e8re du d\u00e9funt.\u201d Et la famille d\u2019ajouter que\u00a0\u201cles conclusions pr\u00e9sent\u00e9es ont suscit\u00e9 un \u00e9moi en nous par leurs contenus et la seule alternative qui s\u2019offre \u00e0 nous \u00e9tait une contre-expertise qui est hors de notre port\u00e9e.\u201d<br \/>\nLa famille pr\u00e9cise, par ailleurs, que suite \u00e0 ce constat, elle a d\u00e9cid\u00e9 de \u201cproc\u00e9der \u00e0 la lev\u00e9e du corps et la pri\u00e8re\u201d mortuaire ce Samedi 10 Juin 2023 et que \u201cl\u2019inhumation du corps sera op\u00e9r\u00e9e au cimeti\u00e8re du PK7 de Nouakchott.<br \/>\nLa famille a enfin remerci\u00e9 tous ceux qui lui ont t\u00e9moign\u00e9 compassion en cette \u201cdouloureuse \u00e9preuve\u201d.<\/p>\n","protected":false},"excerpt":{"rendered":"<p>Dans un communiqu\u00e9 qu\u2019elle a rendu public la famille de feu Omar Hamadi Diop annonce avoir pris acte des conclusions de l\u2019autopsie et decide de la lev\u00e9e du corps et son inhumation aujourd\u2019hui samedi. Dans son communiqu\u00e9 la famille du d\u00e9funt indique qu\u2019une \u201clecture des rapports de pr\u00e9l\u00e8vements et leurs conclusions nous ont \u00e9t\u00e9 faite &hellip;<\/p>\n","protected":false},"author":2,"featured_media":5806,"comment_status":"open","ping_status":"open","sticky":false,"template":"","format":"standard","meta":{"footnotes":""},"categories":[18],"tags":[],"class_list":["post-5979","post","type-post","status-publish","format-standard","has-post-thumbnail","hentry","category-actualites"],"_links":{"self":[{"href":"https:\/\/ladepeche.mr\/index.php?rest_route=\/wp\/v2\/posts\/5979","targetHints":{"allow":["GET"]}}],"collection":[{"href":"https:\/\/ladepeche.mr\/index.php?rest_route=\/wp\/v2\/posts"}],"about":[{"href":"https:\/\/ladepeche.mr\/index.php?rest_route=\/wp\/v2\/types\/post"}],"author":[{"embeddable":true,"href":"https:\/\/ladepeche.mr\/index.php?rest_route=\/wp\/v2\/users\/2"}],"replies":[{"embeddable":true,"href":"https:\/\/ladepeche.mr\/index.php?rest_route=%2Fwp%2Fv2%2Fcomments&post=5979"}],"version-history":[{"count":1,"href":"https:\/\/ladepeche.mr\/index.php?rest_route=\/wp\/v2\/posts\/5979\/revisions"}],"predecessor-version":[{"id":5980,"href":"https:\/\/ladepeche.mr\/index.php?rest_route=\/wp\/v2\/posts\/5979\/revisions\/5980"}],"wp:featuredmedia":[{"embeddable":true,"href":"https:\/\/ladepeche.mr\/index.php?rest_route=\/wp\/v2\/media\/5806"}],"wp:attachment":[{"href":"https:\/\/ladepeche.mr\/index.php?rest_route=%2Fwp%2Fv2%2Fmedia&parent=5979"}],"wp:term":[{"taxonomy":"category","embeddable":true,"href":"https:\/\/ladepeche.mr\/index.php?rest_route=%2Fwp%2Fv2%2Fcategories&post=5979"},{"taxonomy":"post_tag","embeddable":true,"href":"https:\/\/ladepeche.mr\/index.php?rest_route=%2Fwp%2Fv2%2Ftags&post=5979"}],"curies":[{"name":"wp","href":"https:\/\/api.w.org\/{rel}","templated":true}]}}