{"id":5986,"date":"2023-06-10T16:48:37","date_gmt":"2023-06-10T16:48:37","guid":{"rendered":"https:\/\/ladepeche.mr\/?p=5986"},"modified":"2023-06-10T16:48:37","modified_gmt":"2023-06-10T16:48:37","slug":"senegal-la-marche-prevue-ce-samedi-par-la-coalition-dopposition-f24-a-ete-annulee","status":"publish","type":"post","link":"https:\/\/ladepeche.mr\/?p=5986","title":{"rendered":"S\u00e9n\u00e9gal: la marche pr\u00e9vue ce samedi par la coalition d&#8217;opposition F24 a \u00e9t\u00e9 annul\u00e9e"},"content":{"rendered":"<p>Au S\u00e9n\u00e9gal, la marche annonc\u00e9e \u00e0 Dakar ce samedi par \u00ab la plate-forme des forces vives F24 \u00bb n\u2019aura pas lieu. Explications.<br \/>\nLa marche avait \u00e9t\u00e9 interdite, comme le rassemblement pr\u00e9vu vendredi. Apr\u00e8s la condamnation de l&#8217;opposant Ousmane Sonko la semaine derni\u00e8re qui a provoqu\u00e9 des violences meurtri\u00e8res, la pr\u00e9fecture a avanc\u00e9 &#8211; entre autres &#8211; des \u00ab menaces r\u00e9elles de troubles \u00e0 l&#8217;ordre public \u00bb et des \u00ab risques de saccages \u00bb. Des \u00ab alibis fallacieux \u00bb selon le F24.<\/p>\n<p>Mais Mamadou Mbodj, coordonnateur de la plate-forme, a annonc\u00e9 ce vendredi soir l\u2019annulation de la marche \u00ab dans l\u2019int\u00e9r\u00eat des populations \u00bb. \u00ab Nous avons beaucoup discut\u00e9, explique t-il au micro de notre correspondante, Charlotte Idrac. En tenant compte des int\u00e9r\u00eats et des pr\u00e9occupations de ces populations, il \u00e9tait n\u00e9cessaire de surseoir \u00e0 la marche pour permettre \u00e0 ces populations de vaquer \u00e0 leurs occupations, surtout en ce moment o\u00f9 la tabaski frappe \u00e0 la porte.<\/p>\n<p>Il a \u00e9t\u00e9 \u00e9galement question de tenir compte des demandes exprim\u00e9es par la d\u00e9l\u00e9gation du patronat, laquelle d\u00e9l\u00e9gation est venue nous rencontrer et nous demander de tenir compte des d\u00e9rapages, en tout cas des dommages qui sont caus\u00e9s par les manifestations pr\u00e9c\u00e9dentes et qui ont beaucoup ralenti l\u2019activit\u00e9 \u00e9conomique. Et donc, pour ne pas porter davantage pr\u00e9judice \u00e0 ces entrepreneurs, \u00e0 ces artisans, \u00e0 ces citoyens, nous avons \u00e9galement d\u00e9cid\u00e9 qu\u2019on pouvait annuler la marche de demain. Nous sommes d\u00e9termin\u00e9s \u00e0 ce que la troisi\u00e8me candidature de monsieur Macky Sall soit oubli\u00e9e et que tous les candidats \u00e9ligibles dans notre plate-forme puissent aller aux \u00e9lections, et nous r\u00e9clamons la lib\u00e9ration imm\u00e9diate de tous les d\u00e9tenus politiques. \u00bb<\/p>\n<p>Les programmes du groupe de presse priv\u00e9 WalFadjri suspendus<br \/>\nPar ailleurs, les programmes du groupe de presse priv\u00e9 WalFadjri ont \u00e9t\u00e9 suspendus par les autorit\u00e9s pour un mois, du 1er juin au 1er juillet. Le gouvernement lui reproche la diffusion \u00ab d\u2019images de violences exposant des adolescents \u00bb, accompagn\u00e9es de \u00ab propos subversifs, haineux et dangereux \u00bb. Le groupe d\u00e9nonce un \u00ab acharnement \u00bb. Le personnel a d\u00fb \u00eatre mis au ch\u00f4mage technique.<br \/>\nRfi<\/p>\n","protected":false},"excerpt":{"rendered":"<p>Au S\u00e9n\u00e9gal, la marche annonc\u00e9e \u00e0 Dakar ce samedi par \u00ab la plate-forme des forces vives F24 \u00bb n\u2019aura pas lieu. Explications. La marche avait \u00e9t\u00e9 interdite, comme le rassemblement pr\u00e9vu vendredi. Apr\u00e8s la condamnation de l&#8217;opposant Ousmane Sonko la semaine derni\u00e8re qui a provoqu\u00e9 des violences meurtri\u00e8res, la pr\u00e9fecture a avanc\u00e9 &#8211; entre autres &hellip;<\/p>\n","protected":false},"author":2,"featured_media":5987,"comment_status":"open","ping_status":"open","sticky":false,"template":"","format":"standard","meta":{"footnotes":""},"categories":[18,29],"tags":[],"class_list":["post-5986","post","type-post","status-publish","format-standard","has-post-thumbnail","hentry","category-actualites","category-monde"],"_links":{"self":[{"href":"https:\/\/ladepeche.mr\/index.php?rest_route=\/wp\/v2\/posts\/5986","targetHints":{"allow":["GET"]}}],"collection":[{"href":"https:\/\/ladepeche.mr\/index.php?rest_route=\/wp\/v2\/posts"}],"about":[{"href":"https:\/\/ladepeche.mr\/index.php?rest_route=\/wp\/v2\/types\/post"}],"author":[{"embeddable":true,"href":"https:\/\/ladepeche.mr\/index.php?rest_route=\/wp\/v2\/users\/2"}],"replies":[{"embeddable":true,"href":"https:\/\/ladepeche.mr\/index.php?rest_route=%2Fwp%2Fv2%2Fcomments&post=5986"}],"version-history":[{"count":1,"href":"https:\/\/ladepeche.mr\/index.php?rest_route=\/wp\/v2\/posts\/5986\/revisions"}],"predecessor-version":[{"id":5988,"href":"https:\/\/ladepeche.mr\/index.php?rest_route=\/wp\/v2\/posts\/5986\/revisions\/5988"}],"wp:featuredmedia":[{"embeddable":true,"href":"https:\/\/ladepeche.mr\/index.php?rest_route=\/wp\/v2\/media\/5987"}],"wp:attachment":[{"href":"https:\/\/ladepeche.mr\/index.php?rest_route=%2Fwp%2Fv2%2Fmedia&parent=5986"}],"wp:term":[{"taxonomy":"category","embeddable":true,"href":"https:\/\/ladepeche.mr\/index.php?rest_route=%2Fwp%2Fv2%2Fcategories&post=5986"},{"taxonomy":"post_tag","embeddable":true,"href":"https:\/\/ladepeche.mr\/index.php?rest_route=%2Fwp%2Fv2%2Ftags&post=5986"}],"curies":[{"name":"wp","href":"https:\/\/api.w.org\/{rel}","templated":true}]}}