{"id":5989,"date":"2023-06-11T10:52:24","date_gmt":"2023-06-11T10:52:24","guid":{"rendered":"https:\/\/ladepeche.mr\/?p=5989"},"modified":"2023-06-11T10:54:31","modified_gmt":"2023-06-11T10:54:31","slug":"recherche-dinvestissements-omk-a-riadh-pour-la-conference-arabo-chinoise-a-riyad","status":"publish","type":"post","link":"https:\/\/ladepeche.mr\/?p=5989","title":{"rendered":"Recherche d\u2019investissements: OMK \u00e0 Riadh pour la conf\u00e9rence arabo-chinoise"},"content":{"rendered":"<p>Le ministre ministre des Affaires \u00e9conomiques et de la Promotion des Secteurs productifs, Ousmane Mamoudou Kane est depuis samedi \u00e0 Riyad (Arabie Saoudite) pour participer aux travaux de la 10e session de la Conf\u00e9rence des hommes d&#8217;affaires arabes et chinois,. Une rencontre qui rassemble d\u00e9cideurs politiques, PDG et hommes d&#8217;affaires\u00a0 dans\u00a0 cette r\u00e9gion.<\/p>\n<p>OMK prendra \u00e9galement au cours de ce d\u00e9placement \u00e0 la 8e \u00e9dition du s\u00e9minaire sur l&#8217;investissement intitul\u00e9 : &#8220;La coop\u00e9ration pour la prosp\u00e9rit\u00e9&#8221;, qui se tiendra du 11 au 12 juin 2023. <\/p>\n<p>Lors de ces \u00e9v\u00e9nements -conf\u00e9rence et s\u00e9minaire- des discussions et des \u00e9changes d&#8217;exp\u00e9riences auront lieu sur les opportunit\u00e9s dans les secteurs de l&#8217;\u00e9nergie, du commerce, de l&#8217;industrie, de l&#8217;exploitation mini\u00e8re, de la s\u00e9curit\u00e9 alimentaire, des soins de sant\u00e9 et du tourisme.<br \/>\nLe ministre a \u00e9t\u00e9 re\u00e7u, rappelle-t-on, d\u00e8s son arriv\u00e9e samedi \u00e0 Riyad, par\u00a0 le ministre de l&#8217;Investissement saoudien, Khalid bin Abdel\u00a0 Aziz El-Falih.<\/p>\n<p>Le ministre est accompagn\u00e9\u00a0 \u00e0 ces r\u00e9unions \u00e9conomiques par Ezeddine Ould Dadah, charg\u00e9 de mission au minist\u00e8re.<\/p>\n","protected":false},"excerpt":{"rendered":"<p>Le ministre ministre des Affaires \u00e9conomiques et de la Promotion des Secteurs productifs, Ousmane Mamoudou Kane est depuis samedi \u00e0 Riyad (Arabie Saoudite) pour participer aux travaux de la 10e session de la Conf\u00e9rence des hommes d&#8217;affaires arabes et chinois,. Une rencontre qui rassemble d\u00e9cideurs politiques, PDG et hommes d&#8217;affaires\u00a0 dans\u00a0 cette r\u00e9gion. OMK prendra &hellip;<\/p>\n","protected":false},"author":2,"featured_media":5991,"comment_status":"open","ping_status":"open","sticky":false,"template":"","format":"standard","meta":{"footnotes":""},"categories":[18,2,29],"tags":[],"class_list":["post-5989","post","type-post","status-publish","format-standard","has-post-thumbnail","hentry","category-actualites","category-economie","category-monde"],"_links":{"self":[{"href":"https:\/\/ladepeche.mr\/index.php?rest_route=\/wp\/v2\/posts\/5989","targetHints":{"allow":["GET"]}}],"collection":[{"href":"https:\/\/ladepeche.mr\/index.php?rest_route=\/wp\/v2\/posts"}],"about":[{"href":"https:\/\/ladepeche.mr\/index.php?rest_route=\/wp\/v2\/types\/post"}],"author":[{"embeddable":true,"href":"https:\/\/ladepeche.mr\/index.php?rest_route=\/wp\/v2\/users\/2"}],"replies":[{"embeddable":true,"href":"https:\/\/ladepeche.mr\/index.php?rest_route=%2Fwp%2Fv2%2Fcomments&post=5989"}],"version-history":[{"count":5,"href":"https:\/\/ladepeche.mr\/index.php?rest_route=\/wp\/v2\/posts\/5989\/revisions"}],"predecessor-version":[{"id":5995,"href":"https:\/\/ladepeche.mr\/index.php?rest_route=\/wp\/v2\/posts\/5989\/revisions\/5995"}],"wp:featuredmedia":[{"embeddable":true,"href":"https:\/\/ladepeche.mr\/index.php?rest_route=\/wp\/v2\/media\/5991"}],"wp:attachment":[{"href":"https:\/\/ladepeche.mr\/index.php?rest_route=%2Fwp%2Fv2%2Fmedia&parent=5989"}],"wp:term":[{"taxonomy":"category","embeddable":true,"href":"https:\/\/ladepeche.mr\/index.php?rest_route=%2Fwp%2Fv2%2Fcategories&post=5989"},{"taxonomy":"post_tag","embeddable":true,"href":"https:\/\/ladepeche.mr\/index.php?rest_route=%2Fwp%2Fv2%2Ftags&post=5989"}],"curies":[{"name":"wp","href":"https:\/\/api.w.org\/{rel}","templated":true}]}}