{"id":6004,"date":"2023-06-12T20:23:34","date_gmt":"2023-06-12T20:23:34","guid":{"rendered":"https:\/\/ladepeche.mr\/?p=6004"},"modified":"2023-06-12T20:23:34","modified_gmt":"2023-06-12T20:23:34","slug":"club-diplomatique-de-nouakchott-declaration","status":"publish","type":"post","link":"https:\/\/ladepeche.mr\/?p=6004","title":{"rendered":"Club Diplomatique de Nouakchott: d\u00e9claration"},"content":{"rendered":"<p>C&#8217;est avec une grande satisfaction que le Club Diplomatique de Nouakchott a accueilli l&#8217;\u00e9lection, \u00e0 la quasi unanimit\u00e9 de l&#8217;assembl\u00e9e g\u00e9n\u00e9rale des Nations Unies, de notre pays comme membre du conseil \u00e9conomique et social, l&#8217;un des cinq organes principaux de l&#8217;Organisation, et ce pour un mandat de trois ans \u00e0 compter du 1er janvier 2024.<\/p>\n<p>Le Club se f\u00e9licite de cet exploit diplomatique qui vient s&#8217;ajouter \u00e0 plusieurs autres succ\u00e8s r\u00e9alis\u00e9s au plan ext\u00e9rieur, sous l&#8217;orientation et l&#8217;impulsion de son Excellence Monsieur Mohamed Ould Cheikh El Ghazouani, Pr\u00e9sident de la Republique et l&#8217;action efficiente et m\u00e9thodique subs\u00e9quente d&#8217;un appareil diplomatique de plus en plus performant.<\/p>\n<p>Aussi, ne fait-il aucun doute que durant son mandat au Conseil \u00e9conomique et social des Nations Unies, notre pays saura jouer pleinement le r\u00f4le qui doit \u00eatre le sien pour la promotion de ses propres int\u00e9r\u00eats et pour la d\u00e9fense des causes justes, au plan  \u00e9conomique et social, de par le monde.<\/p>\n<p>A cet \u00e9gard, le Club Diplomatique de Nouakchott tient \u00e0 r\u00e9it\u00e9rer la constante disponibilit\u00e9 de ses membres \u00e0 mettre leur exp\u00e9rience et leur expertise \u00e0 la disposition du pays afin de contribuer \u00e0  l&#8217;am\u00e9lioration de son action diplomatique et aux efforts tendant \u00e0 le hisser au rang qu&#8217;il m\u00e9rite dans le concert des Nations<\/p>\n","protected":false},"excerpt":{"rendered":"<p>C&#8217;est avec une grande satisfaction que le Club Diplomatique de Nouakchott a accueilli l&#8217;\u00e9lection, \u00e0 la quasi unanimit\u00e9 de l&#8217;assembl\u00e9e g\u00e9n\u00e9rale des Nations Unies, de notre pays comme membre du conseil \u00e9conomique et social, l&#8217;un des cinq organes principaux de l&#8217;Organisation, et ce pour un mandat de trois ans \u00e0 compter du 1er janvier 2024. &hellip;<\/p>\n","protected":false},"author":2,"featured_media":0,"comment_status":"open","ping_status":"open","sticky":false,"template":"","format":"standard","meta":{"footnotes":""},"categories":[18],"tags":[],"class_list":["post-6004","post","type-post","status-publish","format-standard","hentry","category-actualites"],"_links":{"self":[{"href":"https:\/\/ladepeche.mr\/index.php?rest_route=\/wp\/v2\/posts\/6004","targetHints":{"allow":["GET"]}}],"collection":[{"href":"https:\/\/ladepeche.mr\/index.php?rest_route=\/wp\/v2\/posts"}],"about":[{"href":"https:\/\/ladepeche.mr\/index.php?rest_route=\/wp\/v2\/types\/post"}],"author":[{"embeddable":true,"href":"https:\/\/ladepeche.mr\/index.php?rest_route=\/wp\/v2\/users\/2"}],"replies":[{"embeddable":true,"href":"https:\/\/ladepeche.mr\/index.php?rest_route=%2Fwp%2Fv2%2Fcomments&post=6004"}],"version-history":[{"count":1,"href":"https:\/\/ladepeche.mr\/index.php?rest_route=\/wp\/v2\/posts\/6004\/revisions"}],"predecessor-version":[{"id":6005,"href":"https:\/\/ladepeche.mr\/index.php?rest_route=\/wp\/v2\/posts\/6004\/revisions\/6005"}],"wp:attachment":[{"href":"https:\/\/ladepeche.mr\/index.php?rest_route=%2Fwp%2Fv2%2Fmedia&parent=6004"}],"wp:term":[{"taxonomy":"category","embeddable":true,"href":"https:\/\/ladepeche.mr\/index.php?rest_route=%2Fwp%2Fv2%2Fcategories&post=6004"},{"taxonomy":"post_tag","embeddable":true,"href":"https:\/\/ladepeche.mr\/index.php?rest_route=%2Fwp%2Fv2%2Ftags&post=6004"}],"curies":[{"name":"wp","href":"https:\/\/api.w.org\/{rel}","templated":true}]}}