{"id":6010,"date":"2023-06-13T10:45:55","date_gmt":"2023-06-13T10:45:55","guid":{"rendered":"https:\/\/ladepeche.mr\/?p=6010"},"modified":"2023-06-13T11:37:02","modified_gmt":"2023-06-13T11:37:02","slug":"economie-une-mission-du-fmi-ausculte-le-programme-avec-les-autorites-nationales","status":"publish","type":"post","link":"https:\/\/ladepeche.mr\/?p=6010","title":{"rendered":"Economie : Une mission du Fmi ausculte le programme de r\u00e9formes avec les autorit\u00e9s nationales"},"content":{"rendered":"<p>Le ministre des Finances, Isselmou Ould Mohamed Mbadi, a re\u00e7u, lundi, une d\u00e9l\u00e9gation du Fonds mon\u00e9taire international (FMI) conduite par F\u00e9lix Fischer. La mission r\u00e9sidera plusieurs jours en Mauritanie.<br \/>\nUne mission qui fait suite \u00e0 la conclusion entre novembre 2022 d\u2019un accord ad referendum pour des r\u00e9formes \u00e9conomiques appuy\u00e9es par un accord triennal au titre de la Facilit\u00e9 Elargie de Cr\u00e9dit (FEC) pour un cr\u00e9dit de 86 millions de dollars, sur une p\u00e9riode d\u2019un peu plus de trois ans. Finalement approuv\u00e9 en janvier 2023 par le CA du Fmi pour une dur\u00e9e de 42 mois. Une d\u00e9cision assortie d\u2019un d\u00e9caissement imm\u00e9diat de 21,7 millions de dollars.<\/p>\n<p>Le pr\u00e9sident de la d\u00e9l\u00e9gation, F. Fischer, est flanqu\u00e9 d\u2019un groupe d\u2019experts pour passer au peigne fin le programme de r\u00e9formes du cadre budg\u00e9taire \u00e0 moyen terme, de la politique mon\u00e9taire et de change ainsi que des r\u00e9formes structurelles au sein du secteur priv\u00e9 pour attirer l\u2019IDE notamment. A noter que la BCM, avec sa politique restrictive, maintenant inchang\u00e9 depuis des mois son taux directeur, semble bien s\u2019acquitter de son r\u00f4le dans sa gestion prudente de l\u2019inflation autour de 11%.<br \/>\nRien n\u2019a encore filtr\u00e9 sur l\u2019appr\u00e9ciation des \u00e9changes de donn\u00e9es entre les deux parties. Mais gageons que la mission du Fmi n\u2019est pas venue en vill\u00e9giature \u00e0 Nouakchott. Il va sans dire que les secousses telluriques de la COVID continueraient \u00e0 favoriser la r\u00e9cession mondiale annonc\u00e9e r\u00e9cemment par la Banque mondiale et devrait impacter les pays africains dont le n\u00f4tre. Une situation alarmante li\u00e9e avec une croissance, partout, en dents de scie et le risque d\u2019une tendance baissi\u00e8re des exportations doubl\u00e9e d\u2019une hausse importante des prix \u00e0 l\u2019importation.<br \/>\nMais tout le monde croise les doigts pour que ces scenarii douloureux s\u2019estompent. Car, ils pourraient \u00eatre, en effet, encore aggrav\u00e9s par les crises climatiques r\u00e9duisant \u00e0 n\u00e9ant, cette fois-ci, les efforts consentis pour contenir l&#8217;inflation et provoquant une cascade de crises alimentaires.<\/p>\n","protected":false},"excerpt":{"rendered":"<p>Le ministre des Finances, Isselmou Ould Mohamed Mbadi, a re\u00e7u, lundi, une d\u00e9l\u00e9gation du Fonds mon\u00e9taire international (FMI) conduite par F\u00e9lix Fischer. La mission r\u00e9sidera plusieurs jours en Mauritanie. Une mission qui fait suite \u00e0 la conclusion entre novembre 2022 d\u2019un accord ad referendum pour des r\u00e9formes \u00e9conomiques appuy\u00e9es par un accord triennal au titre &hellip;<\/p>\n","protected":false},"author":2,"featured_media":6011,"comment_status":"open","ping_status":"open","sticky":false,"template":"","format":"standard","meta":{"footnotes":""},"categories":[18,2],"tags":[],"class_list":["post-6010","post","type-post","status-publish","format-standard","has-post-thumbnail","hentry","category-actualites","category-economie"],"_links":{"self":[{"href":"https:\/\/ladepeche.mr\/index.php?rest_route=\/wp\/v2\/posts\/6010","targetHints":{"allow":["GET"]}}],"collection":[{"href":"https:\/\/ladepeche.mr\/index.php?rest_route=\/wp\/v2\/posts"}],"about":[{"href":"https:\/\/ladepeche.mr\/index.php?rest_route=\/wp\/v2\/types\/post"}],"author":[{"embeddable":true,"href":"https:\/\/ladepeche.mr\/index.php?rest_route=\/wp\/v2\/users\/2"}],"replies":[{"embeddable":true,"href":"https:\/\/ladepeche.mr\/index.php?rest_route=%2Fwp%2Fv2%2Fcomments&post=6010"}],"version-history":[{"count":3,"href":"https:\/\/ladepeche.mr\/index.php?rest_route=\/wp\/v2\/posts\/6010\/revisions"}],"predecessor-version":[{"id":6014,"href":"https:\/\/ladepeche.mr\/index.php?rest_route=\/wp\/v2\/posts\/6010\/revisions\/6014"}],"wp:featuredmedia":[{"embeddable":true,"href":"https:\/\/ladepeche.mr\/index.php?rest_route=\/wp\/v2\/media\/6011"}],"wp:attachment":[{"href":"https:\/\/ladepeche.mr\/index.php?rest_route=%2Fwp%2Fv2%2Fmedia&parent=6010"}],"wp:term":[{"taxonomy":"category","embeddable":true,"href":"https:\/\/ladepeche.mr\/index.php?rest_route=%2Fwp%2Fv2%2Fcategories&post=6010"},{"taxonomy":"post_tag","embeddable":true,"href":"https:\/\/ladepeche.mr\/index.php?rest_route=%2Fwp%2Fv2%2Ftags&post=6010"}],"curies":[{"name":"wp","href":"https:\/\/api.w.org\/{rel}","templated":true}]}}