{"id":6019,"date":"2023-06-13T19:22:19","date_gmt":"2023-06-13T19:22:19","guid":{"rendered":"https:\/\/ladepeche.mr\/?p=6019"},"modified":"2023-06-13T19:22:19","modified_gmt":"2023-06-13T19:22:19","slug":"le-premier-ministre-la-mauritanie-determinee-a-etre-parmi-les-pays-leaders-en-matiere-de-transparence","status":"publish","type":"post","link":"https:\/\/ladepeche.mr\/?p=6019","title":{"rendered":"Le Premier ministre : la Mauritanie d\u00e9termin\u00e9e \u00e0 \u00eatre parmi les pays leaders en mati\u00e8re de transparence"},"content":{"rendered":"<p>Le Premier ministre, M. Mohamed Bilal Messoud, a soulign\u00e9 que la Mauritanie est d\u00e9termin\u00e9e \u00e0 figurer parmi les pays leaders dans l\u2019adoption et la mise en \u0153uvre effective des normes et bonnes pratiques d\u00e9cid\u00e9es par l\u2019Initiative de la Transparence dans les Industries Extractives (ITIE).<\/p>\n<p>Il a ajout\u00e9 au cours de sa participation mardi dans la capitale s\u00e9n\u00e9galaise au Forum international de l\u2019ITlE qui se tient sous le th\u00e8me de \u2018\u2019la transparence dans un monde en transition\u2019\u2019 que la Mauritanie poursuivra son action pour garantir en tout temps une exploitation de ses ressources naturelles respectueuse de l\u2019environnement et du d\u00e9veloppement durable.<\/p>\n<p>Voici le texte de ce discours :<\/p>\n<p>\u00ab (\u2026) Permettez-moi tout d\u2019abord de vous remercier cher fr\u00e8re Monsieur le Premier Ministre pour votre hospitalit\u00e9 g\u00e9n\u00e9reuse et de remercier \u00e9galement Mme Helen CLARK, Pr\u00e9sidente de l\u2019Initiative de la Transparence Internationale dans les Industries Extractives (ITIE).<\/p>\n<p>C\u2019est un honneur et un plaisir d\u2019\u00eatre avec vous aujourd\u2019hui pour c\u00e9l\u00e9brer ensemble le XX\u00e8me anniversaire de l\u2019Initiative pour la Transparence des Industries Extractives.<\/p>\n<p>Excellence, Madame la Pr\u00e9sidente, Mesdames, Messieurs<\/p>\n<p>Cette conf\u00e9rence qui se tient sous le th\u00e8me de la \u00ab transparence dans un monde en transition \u00bb vise avant tout \u00e0 c\u00e9l\u00e9brer les avanc\u00e9es en mati\u00e8re de transparence dans la gestion des ressources naturelles, \u00e0 faire le point sur les acquis enregistr\u00e9s mais aussi, \u00e0 r\u00e9fl\u00e9chir sur le r\u00f4le que pourra jouer l\u2019ITIE dans un contexte marqu\u00e9 par les profondes mutations en cours dans les secteurs de l\u2019Energie et des Mines.<\/p>\n<p>C\u2019est le moment pour nous tous, pays membres de l\u2019ITIE, de nous f\u00e9liciter des progr\u00e8s exceptionnels enregistr\u00e9s par l\u2019initiative dans la promotion et la mise en \u0153uvre de la transparence dans la gestion des industries extractives dans les pays en voie de d\u00e9veloppement.<\/p>\n<p>La norme ITIE en mati\u00e8re de transparence des industries extractives est devenue aujourd\u2019hui une r\u00e9f\u00e9rence \u00e0 la fois nationale et mondiale, pour les Gouvernements, les entreprises internationales, le secteur public, le secteur priv\u00e9 et la soci\u00e9t\u00e9 civile.<\/p>\n<p>Les processus de collecte, de validation et de divulgation des donn\u00e9es, impliquant toutes les parties prenantes, constituent d\u00e9sormais une contribution importante aux d\u00e9bats nationaux sur la bonne gouvernance et la lutte contre la corruption.<\/p>\n<p>Plusieurs \u00e9tudes ont montr\u00e9 que l\u2019exigence de transparence initi\u00e9e par l\u2019ITIE contribue \u00e0 am\u00e9liorer les retomb\u00e9es financi\u00e8res et \u00e9conomiques du secteur pour les pays d\u2019accueil des investissements ainsi que pour leurs citoyens.<\/p>\n<p>Excellences, Mesdames, Messieurs,<\/p>\n<p>Le secteur extractif, p\u00e9trole, gaz et mines, tient une place importante dans l\u2019\u00e9conomie de la Mauritanie et cette place est destin\u00e9e \u00e0 se renforcer \u00e0 court et moyen terme avec les projets en cours ou pr\u00e9vus dans les prochaines ann\u00e9es.<\/p>\n<p>C\u2019est pourquoi nous sommes r\u00e9solument engag\u00e9s \u00e0 mettre en \u0153uvre la norme ITIE dans son esprit autant que dans sa lettre.<\/p>\n<p>En d\u00e9pit des contraintes li\u00e9es aux capacit\u00e9s nationales et parfois aux l\u00e9gislations ou aux r\u00e8glementations devenues inadapt\u00e9es, nous avons enregistr\u00e9 des progr\u00e8s importants et reconnus dans cette mise en \u0153uvre.<\/p>\n<p>Je citerai notamment :<\/p>\n<p>1) La mise en place d\u2019un cadre juridique appropri\u00e9, avec la cr\u00e9ation d\u2019une base de donn\u00e9es op\u00e9rationnelle et d\u2019un entrep\u00f4t ouvert permettant un acc\u00e8s \u00e9gal de toutes les parties prenantes aux donn\u00e9es et aux informations disponibles, sur les ressources et les revenus g\u00e9n\u00e9r\u00e9s par les industries extractives.<\/p>\n<p>2) L\u2019introduction en f\u00e9vrier 2023 des modifications importantes dans le d\u00e9cret des Titres miniers qui imposent des crit\u00e8res d\u2019\u00e9ligibilit\u00e9 stricts ainsi que l\u2019obligation de renseigner et signer le formulaire ITIE relatif \u00e0 la propri\u00e9t\u00e9 r\u00e9elle et aux personnes politiquement expos\u00e9es.<\/p>\n<p>Aussi nous nous f\u00e9licitons de la qualit\u00e9 de notre dialogue avec l\u2019ITIE et nous sommes plus que jamais d\u00e9termin\u00e9s \u00e0 \u00eatre parmi les pays pionniers pour l\u2019adoption et la mise en \u0153uvre effective des normes et bonnes pratiques sanctionn\u00e9es par l\u2019ITIE.<\/p>\n<p>Nous continuerons \u00e9galement \u00e0 travailler pour assurer, en tout temps, une exploitation de nos ressources naturelles respectueuse de l\u2019environnement et un d\u00e9veloppement durable responsable de nos ressources naturelles.<\/p>\n<p>Excellences, Mesdames, Messieurs,<\/p>\n<p>La Mauritanie dispose d\u2019un \u00e9norme potentiel dans le domaine des \u00e9nergies renouvelables estim\u00e9 par l\u2019IRENA \u00e0 plus de 4 000 gigawatts dont 500 GW peuvent \u00eatre d\u00e9velopp\u00e9s imm\u00e9diatement tout en respectant les normes environnementales les plus strictes.<\/p>\n<p>Le Nord-Ouest de la Mauritanie dispose du potentiel le plus \u00e9lev\u00e9 pour la production continue d\u2019\u00e9nergie renouvelable, ce qui fait de cette zone un lieu id\u00e9al pour la production de l\u2019hydrog\u00e8ne vert.<\/p>\n<p>Gr\u00e2ce \u00e0 ces importantes ressources mini\u00e8res et d\u2019Energie renouvelables notre ambition est de faire de mon pays un hub d\u2019Energie \u00e0 bas carbone et de minerais verts.<\/p>\n<p>Aussi nous avons sign\u00e9 des m\u00e9morandums d\u2019ententes avec quatre grands partenaires pour la production \u00e0 grande \u00e9chelle de l\u2019hydrog\u00e8ne vert avant la fin de la d\u00e9cennie et le dialogue est en cours pour la production de l\u2019acier vert.<\/p>\n<p>C\u2019est pourquoi, il faut cr\u00e9er un environnement attractif pour l\u2019investissement priv\u00e9 massif requis pour le d\u00e9veloppement du secteur des \u00e9nergies renouvelables.<\/p>\n<p>Pour cela nous avons engag\u00e9 avec le soutien de nos partenaires au d\u00e9veloppement, le processus de formulation du premier code de l\u2019hydrog\u00e8ne, qui fixera les r\u00e8gles d\u2019acc\u00e8s aux permis de l\u2019hydrog\u00e8ne et le partage des b\u00e9n\u00e9fices entre les investisseurs et l\u2019Etat.<\/p>\n<p>Aussi, dans ce cadre, le d\u00e9partement en charge de l\u2019Energie a initi\u00e9 le dialogue avec les \u00e9quipes de l\u2019ITIE autour de la transition \u00e9nerg\u00e9tique et nous serons heureux de participer \u00e0 l\u2019\u00e9laboration des normes dans ce domaine.<\/p>\n<p>Je ne pourrai achever cette allocution sans souligner la profondeur des relations de fraternit\u00e9 et d\u2019amiti\u00e9 qui lient la Mauritanie et le S\u00e9n\u00e9gal qui ont permis de r\u00e9aliser des avanc\u00e9es \u00e9normes dans diff\u00e9rents domaines, notamment, la p\u00eache, l\u2019\u00e9levage et plus r\u00e9cemment le p\u00e9trole et le gaz, gr\u00e2ce \u00e0 la volont\u00e9 clairvoyante et \u00e0 la sagesse de leurs Excellences, les deux Pr\u00e9sidents M. Mohamed Ould Cheikh El Ghazouani et M. Macky Sall.<\/p>\n<p>Pour finir, j\u2019aimerais encore une fois remercier mon fr\u00e8re le Premier ministre de la R\u00e9publique du S\u00e9n\u00e9gal M. Amadou B\u00e2, le gouvernement et le peuple s\u00e9n\u00e9galais pour leur accueil et pour l\u2019organisation de cette conf\u00e9rence<\/p>\n<p>je vous remercie \u00bb.<br \/>\nAmi<\/p>\n","protected":false},"excerpt":{"rendered":"<p>Le Premier ministre, M. Mohamed Bilal Messoud, a soulign\u00e9 que la Mauritanie est d\u00e9termin\u00e9e \u00e0 figurer parmi les pays leaders dans l\u2019adoption et la mise en \u0153uvre effective des normes et bonnes pratiques d\u00e9cid\u00e9es par l\u2019Initiative de la Transparence dans les Industries Extractives (ITIE). Il a ajout\u00e9 au cours de sa participation mardi dans la &hellip;<\/p>\n","protected":false},"author":2,"featured_media":6020,"comment_status":"open","ping_status":"open","sticky":false,"template":"","format":"standard","meta":{"footnotes":""},"categories":[18,2,29],"tags":[],"class_list":["post-6019","post","type-post","status-publish","format-standard","has-post-thumbnail","hentry","category-actualites","category-economie","category-monde"],"_links":{"self":[{"href":"https:\/\/ladepeche.mr\/index.php?rest_route=\/wp\/v2\/posts\/6019","targetHints":{"allow":["GET"]}}],"collection":[{"href":"https:\/\/ladepeche.mr\/index.php?rest_route=\/wp\/v2\/posts"}],"about":[{"href":"https:\/\/ladepeche.mr\/index.php?rest_route=\/wp\/v2\/types\/post"}],"author":[{"embeddable":true,"href":"https:\/\/ladepeche.mr\/index.php?rest_route=\/wp\/v2\/users\/2"}],"replies":[{"embeddable":true,"href":"https:\/\/ladepeche.mr\/index.php?rest_route=%2Fwp%2Fv2%2Fcomments&post=6019"}],"version-history":[{"count":1,"href":"https:\/\/ladepeche.mr\/index.php?rest_route=\/wp\/v2\/posts\/6019\/revisions"}],"predecessor-version":[{"id":6021,"href":"https:\/\/ladepeche.mr\/index.php?rest_route=\/wp\/v2\/posts\/6019\/revisions\/6021"}],"wp:featuredmedia":[{"embeddable":true,"href":"https:\/\/ladepeche.mr\/index.php?rest_route=\/wp\/v2\/media\/6020"}],"wp:attachment":[{"href":"https:\/\/ladepeche.mr\/index.php?rest_route=%2Fwp%2Fv2%2Fmedia&parent=6019"}],"wp:term":[{"taxonomy":"category","embeddable":true,"href":"https:\/\/ladepeche.mr\/index.php?rest_route=%2Fwp%2Fv2%2Fcategories&post=6019"},{"taxonomy":"post_tag","embeddable":true,"href":"https:\/\/ladepeche.mr\/index.php?rest_route=%2Fwp%2Fv2%2Ftags&post=6019"}],"curies":[{"name":"wp","href":"https:\/\/api.w.org\/{rel}","templated":true}]}}