{"id":6025,"date":"2023-06-13T20:01:29","date_gmt":"2023-06-13T20:01:29","guid":{"rendered":"https:\/\/ladepeche.mr\/?p=6025"},"modified":"2023-06-13T20:01:29","modified_gmt":"2023-06-13T20:01:29","slug":"mauritanie-la-transparence-dans-le-domaine-extractif-reconnue","status":"publish","type":"post","link":"https:\/\/ladepeche.mr\/?p=6025","title":{"rendered":"Mauritanie : La transparence dans le domaine extractif reconnue"},"content":{"rendered":"<p>Les efforts de transparence de notre pays dans le domaine extractif sont enfin couronn\u00e9s de reconnaissance d\u2019autorit\u00e9 comme l\u2019est ITIE dans ce domaine.<br \/>\nC\u2019est le chef du gouvernement, Mohamed Ould Bilal, qui est aur\u00e9ol\u00e9 de cette reconnaissance \u00e0 l\u2019issue de la comm\u00e9moration du XX\u00e8me anniversaire de l\u2019Initiative pour la Transparence des Industries Extractives. \u00ab C\u2019est un honneur d\u2019inviter son Excellence le Premier Ministre de la R\u00e9publique Islamique de Mauritanie Mohammed Bilal Messoud \u00e0 recevoir le prix du leadership du respect des normes de transparence \u00bb annonce l\u2019IETI.<br \/>\nL\u2019IETI a voulu, par ailleurs, donner \u00e0 l\u2019\u00e9v\u00e9nement toute sa mesure en mettant en exergue les actions prises tr\u00e8s t\u00f4t par la Mauritanie pour garantir les normes de transparence dans les activit\u00e9s extractives dans le pays et y conformer les diff\u00e9rents acteurs. Elle a \u00e9galement voulu reconnaitre le \u00ab leadership \u00bb du pays l\u2019av\u00e8nement de cette transparence ch\u00e8re \u00e0 l\u2019ITIE.<br \/>\nL\u2019ITIE note notamment dans un communiqu\u00e9 rendu public pour la circonstance \u00ab les approches innovantes pour atteindre les objectifs de l\u2019ITIE \u00bb par le gouvernement tout en soulignant l\u2019efficience cadre juridique et technique \u00abpour divulguer syst\u00e9matiquement des informations disponibles en temps voulu afin de permettre l\u2019analyse des donn\u00e9es \u00bb. Parmi les mesures phares de cette transparence, l\u2019ITIE la publication et la \u00abpr\u00e9vision des revenus des secteurs du gaz et de l\u2019hydrog\u00e8ne vert \u00bb.<br \/>\nLa Mauritanie, rappelle-t-on, a adh\u00e9r\u00e9 \u00e0 l\u2019Initiative ITIE en 2005.<\/p>\n","protected":false},"excerpt":{"rendered":"<p>Les efforts de transparence de notre pays dans le domaine extractif sont enfin couronn\u00e9s de reconnaissance d\u2019autorit\u00e9 comme l\u2019est ITIE dans ce domaine. C\u2019est le chef du gouvernement, Mohamed Ould Bilal, qui est aur\u00e9ol\u00e9 de cette reconnaissance \u00e0 l\u2019issue de la comm\u00e9moration du XX\u00e8me anniversaire de l\u2019Initiative pour la Transparence des Industries Extractives. \u00ab C\u2019est &hellip;<\/p>\n","protected":false},"author":2,"featured_media":6024,"comment_status":"open","ping_status":"open","sticky":false,"template":"","format":"standard","meta":{"footnotes":""},"categories":[18,2,29],"tags":[],"class_list":["post-6025","post","type-post","status-publish","format-standard","has-post-thumbnail","hentry","category-actualites","category-economie","category-monde"],"_links":{"self":[{"href":"https:\/\/ladepeche.mr\/index.php?rest_route=\/wp\/v2\/posts\/6025","targetHints":{"allow":["GET"]}}],"collection":[{"href":"https:\/\/ladepeche.mr\/index.php?rest_route=\/wp\/v2\/posts"}],"about":[{"href":"https:\/\/ladepeche.mr\/index.php?rest_route=\/wp\/v2\/types\/post"}],"author":[{"embeddable":true,"href":"https:\/\/ladepeche.mr\/index.php?rest_route=\/wp\/v2\/users\/2"}],"replies":[{"embeddable":true,"href":"https:\/\/ladepeche.mr\/index.php?rest_route=%2Fwp%2Fv2%2Fcomments&post=6025"}],"version-history":[{"count":1,"href":"https:\/\/ladepeche.mr\/index.php?rest_route=\/wp\/v2\/posts\/6025\/revisions"}],"predecessor-version":[{"id":6026,"href":"https:\/\/ladepeche.mr\/index.php?rest_route=\/wp\/v2\/posts\/6025\/revisions\/6026"}],"wp:featuredmedia":[{"embeddable":true,"href":"https:\/\/ladepeche.mr\/index.php?rest_route=\/wp\/v2\/media\/6024"}],"wp:attachment":[{"href":"https:\/\/ladepeche.mr\/index.php?rest_route=%2Fwp%2Fv2%2Fmedia&parent=6025"}],"wp:term":[{"taxonomy":"category","embeddable":true,"href":"https:\/\/ladepeche.mr\/index.php?rest_route=%2Fwp%2Fv2%2Fcategories&post=6025"},{"taxonomy":"post_tag","embeddable":true,"href":"https:\/\/ladepeche.mr\/index.php?rest_route=%2Fwp%2Fv2%2Ftags&post=6025"}],"curies":[{"name":"wp","href":"https:\/\/api.w.org\/{rel}","templated":true}]}}