{"id":6030,"date":"2023-06-14T20:26:32","date_gmt":"2023-06-14T20:26:32","guid":{"rendered":"https:\/\/ladepeche.mr\/?p=6030"},"modified":"2023-06-14T20:26:32","modified_gmt":"2023-06-14T20:26:32","slug":"communique-du-conseil-des-ministres-du-mercredi-14-juin-2023","status":"publish","type":"post","link":"https:\/\/ladepeche.mr\/?p=6030","title":{"rendered":"Communiqu\u00e9 du Conseil des Ministres du mercredi 14 juin 2023"},"content":{"rendered":"<p>Conseil des ministres s\u2019est r\u00e9uni le mercredi 14 juin 2023, sous la Pr\u00e9sidence de Son Excellence Monsieur le Pr\u00e9sident de la R\u00e9publique, Mohamed Ould Cheikh El-Ghazouani.<\/p>\n<p>Le Conseil a examin\u00e9 et adopt\u00e9 les projets de d\u00e9crets suivants :<\/p>\n<p>\u2010 Projet de d\u00e9cret portant approbation d\u2019une convention d\u2019\u00e9tablissement entre le Gouvernement de la R\u00e9publique Islamique de Mauritanie et la Soci\u00e9t\u00e9 Onyx Investment Mauritania \u2013SARL<\/p>\n<p>L\u2019approbation de cette convention s\u2019inscrit dans le cadre des efforts de promotion du secteur priv\u00e9 d\u00e9ploy\u00e9s par les pouvoirs, conform\u00e9ment \u00e0 la strat\u00e9gie nationale du tourisme 2018-2030.<\/p>\n<p>La Soci\u00e9t\u00e9 Onyx a pour objectif de construire et exploiter un complexe h\u00f4telier de 5 \u00e9toiles, sur une superficie de 13.180 m2, situ\u00e9e \u00e0 115 km au Nord-Ouest de Nouakchott, au Sud de El Mamghar. Ce complexe h\u00f4telier est d\u2019une capacit\u00e9 de 120 cl\u00e9s (100 chambres et 20 chalets) et comprend 3 restaurants, des b\u00e2timents pour abriter des r\u00e9unions, conf\u00e9rences et expositions, un centre de sport, un golf course, un golf course club, une marina priv\u00e9e, une piste d\u2019atterrissage.<\/p>\n<p>Ce projet, dont le co\u00fbt est estim\u00e9 \u00e0 plus de 6 Milliards MRU, va cr\u00e9er 50 emplois directs et 50 emplois indirects.<\/p>\n<p>\u2010 Projet de d\u00e9cret modifiant certaines dispositions du d\u00e9cret n\u00b0 2014-010 du 29 janvier 2014, portant cr\u00e9ation de l\u2019Institut Sup\u00e9rieur de la Jeunesse et des Sports et fixant ses r\u00e8gles d\u2019organisation et de fonctionnement.<\/p>\n<p>Le pr\u00e9sent projet de d\u00e9cret vise \u00e0 renforcer les m\u00e9canismes de gouvernance administrative et acad\u00e9mique de l\u2019Institut sup\u00e9rieur de la jeunesse et des sports en modifiant les articles (9-11-20) du d\u00e9cret pr\u00e9cit\u00e9, et \u00e0 faciliter son r\u00f4le dans l\u2019exercice de sa mission principale de formation des cadres disponibles, ayant un niveau de licence dans les diff\u00e9rentes sections et fili\u00e8res agr\u00e9\u00e9es par le Conseil National de l\u2019Enseignement Sup\u00e9rieur et de la Recherche Scientifique.<\/p>\n<p>Le ministre des Affaires \u00c9trang\u00e8res, de la Coop\u00e9ration et des Mauritaniens de l\u2019Ext\u00e9rieur, a pr\u00e9sent\u00e9 une communication relative \u00e0 la situation internationale.<\/p>\n<p>Le ministre de l\u2019Int\u00e9rieur et de la D\u00e9centralisation a pr\u00e9sent\u00e9 une communication relative \u00e0 la situation int\u00e9rieure.<\/p>\n<p>Le ministre des Affaires \u00c9conomiques et de la Promotion des Secteurs Productifs a pr\u00e9sent\u00e9 une communication relative \u00e0 la mise en \u0153uvre du cinqui\u00e8me recensement g\u00e9n\u00e9ral de la population et de l\u2019habitat (RGPH-2023)<\/p>\n<p>La pr\u00e9sente communication a pour objet la r\u00e9vision du calendrier de mise en \u0153uvre du cinqui\u00e8me recensement g\u00e9n\u00e9ral de la population et de l\u2019habitat, qui \u00e9tait pr\u00e9vu au premier trimestre 2023, pour le r\u00e9aliser en 15 jours au mois de novembre prochain, sur toute l\u2019\u00e9tendue du territoire national. Ce report fait suite \u00e0 la mobilisation importante des populations lors des r\u00e9centes \u00e9ch\u00e9ances \u00e9lectorales.<\/p>\n<p>Ce recensement g\u00e9n\u00e9ral de la population et de l\u2019habitat va permettre d\u2019obtenir des donn\u00e9es d\u00e9mographiques et sociales pr\u00e9cises et actualis\u00e9es sur la population et l\u2019habitat.<\/p>\n<p>Ami<\/p>\n","protected":false},"excerpt":{"rendered":"<p>Conseil des ministres s\u2019est r\u00e9uni le mercredi 14 juin 2023, sous la Pr\u00e9sidence de Son Excellence Monsieur le Pr\u00e9sident de la R\u00e9publique, Mohamed Ould Cheikh El-Ghazouani. Le Conseil a examin\u00e9 et adopt\u00e9 les projets de d\u00e9crets suivants : \u2010 Projet de d\u00e9cret portant approbation d\u2019une convention d\u2019\u00e9tablissement entre le Gouvernement de la R\u00e9publique Islamique de &hellip;<\/p>\n","protected":false},"author":2,"featured_media":5702,"comment_status":"open","ping_status":"open","sticky":false,"template":"","format":"standard","meta":{"footnotes":""},"categories":[18,1],"tags":[],"class_list":["post-6030","post","type-post","status-publish","format-standard","has-post-thumbnail","hentry","category-actualites","category-uncategorized"],"_links":{"self":[{"href":"https:\/\/ladepeche.mr\/index.php?rest_route=\/wp\/v2\/posts\/6030","targetHints":{"allow":["GET"]}}],"collection":[{"href":"https:\/\/ladepeche.mr\/index.php?rest_route=\/wp\/v2\/posts"}],"about":[{"href":"https:\/\/ladepeche.mr\/index.php?rest_route=\/wp\/v2\/types\/post"}],"author":[{"embeddable":true,"href":"https:\/\/ladepeche.mr\/index.php?rest_route=\/wp\/v2\/users\/2"}],"replies":[{"embeddable":true,"href":"https:\/\/ladepeche.mr\/index.php?rest_route=%2Fwp%2Fv2%2Fcomments&post=6030"}],"version-history":[{"count":3,"href":"https:\/\/ladepeche.mr\/index.php?rest_route=\/wp\/v2\/posts\/6030\/revisions"}],"predecessor-version":[{"id":6033,"href":"https:\/\/ladepeche.mr\/index.php?rest_route=\/wp\/v2\/posts\/6030\/revisions\/6033"}],"wp:featuredmedia":[{"embeddable":true,"href":"https:\/\/ladepeche.mr\/index.php?rest_route=\/wp\/v2\/media\/5702"}],"wp:attachment":[{"href":"https:\/\/ladepeche.mr\/index.php?rest_route=%2Fwp%2Fv2%2Fmedia&parent=6030"}],"wp:term":[{"taxonomy":"category","embeddable":true,"href":"https:\/\/ladepeche.mr\/index.php?rest_route=%2Fwp%2Fv2%2Fcategories&post=6030"},{"taxonomy":"post_tag","embeddable":true,"href":"https:\/\/ladepeche.mr\/index.php?rest_route=%2Fwp%2Fv2%2Ftags&post=6030"}],"curies":[{"name":"wp","href":"https:\/\/api.w.org\/{rel}","templated":true}]}}