{"id":6054,"date":"2023-06-15T14:21:09","date_gmt":"2023-06-15T14:21:09","guid":{"rendered":"https:\/\/ladepeche.mr\/?p=6054"},"modified":"2023-06-15T14:43:06","modified_gmt":"2023-06-15T14:43:06","slug":"economie-la-bcm-veut-celebrer-avec-faste-le-cinquantenaire-de-louguiya","status":"publish","type":"post","link":"https:\/\/ladepeche.mr\/?p=6054","title":{"rendered":"Economie : La BCM veut c\u00e9l\u00e9brer avec faste le cinquantenaire de l\u2019Ouguiya (actualisation)"},"content":{"rendered":"<p>B\u00e2timents r\u00e9nov\u00e9s et modernis\u00e9s, la Banque centrale de Mauritanie veut donner au 50\u00e8me anniversaire de la monnaie nationale, cr\u00e9\u00e9e le 18 juin 1973, tout l\u2019\u00e9clat et le faste n\u00e9cessaires. Le 18 juin 1973 restera, sans \u00e9quivoque, une date charni\u00e8re pour l\u2019\u00e9conomie nationale avec la sortie du pays de la zone franc. Un acte de souverainet\u00e9 chaleureusement chant\u00e9 et accueilli, \u00e0 l\u2019\u00e9poque, par les populations mauritaniennes.<br \/>\nDans un communiqu\u00e9 qu\u2019elle a rendu pour la circonstance, la BCM pr\u00e9cise que dans le cadre de la comm\u00e9moration du 50\u00e8me anniversaire de la cr\u00e9ation de l&#8217;ouguiya \u00bb elle a pris un ensemble de mesures pour c\u00e9l\u00e9brer cette date historique comme la r\u00e9habilitation et la modernisation de ses b\u00e2timents tout en pr\u00e9servant la touche singuli\u00e8re qui caract\u00e9rise l\u2019architecture originelle de son si\u00e8ge.<br \/>\nLa BCM rappelle, par ailleurs, que \u00ab des efforts sont \u00e9galement men\u00e9s pour une mise \u00e0 niveau des dispositifs techniques, pour \u00eatre en ad\u00e9quation avec l&#8217;\u00e8re de la transformation num\u00e9rique\u00bb. Mais ce n\u2019est pas tout, la BCM semble r\u00e9server des surprises \u00e0 la mesure de l\u2019\u00e9v\u00e9nement par le biais de l\u2019annonce \u00ab d\u2019une nouvelle \u00e9tape importante \u00bb dans son cheminement. Plusieurs \u00abactivit\u00e9s comm\u00e9morant cet \u00e9v\u00e9nement important, qui symbolise la souverainet\u00e9 mon\u00e9taire du pays et son ind\u00e9pendance \u00e9conomique \u00bb sont pr\u00e9vues dans le sillage de cette comm\u00e9moration conclut le communiqu\u00e9 de la BCM.<br \/>\nNotons que dans un d\u00e9cret pris le 14 juin 2023, un nouveau billet de banque d&#8217;une valeur de &#8220;50&#8221; ouguiyas a \u00e9t\u00e9 cr\u00e9\u00e9.<\/p>\n","protected":false},"excerpt":{"rendered":"<p>B\u00e2timents r\u00e9nov\u00e9s et modernis\u00e9s, la Banque centrale de Mauritanie veut donner au 50\u00e8me anniversaire de la monnaie nationale, cr\u00e9\u00e9e le 18 juin 1973, tout l\u2019\u00e9clat et le faste n\u00e9cessaires. Le 18 juin 1973 restera, sans \u00e9quivoque, une date charni\u00e8re pour l\u2019\u00e9conomie nationale avec la sortie du pays de la zone franc. Un acte de souverainet\u00e9 &hellip;<\/p>\n","protected":false},"author":2,"featured_media":6055,"comment_status":"open","ping_status":"open","sticky":false,"template":"","format":"standard","meta":{"footnotes":""},"categories":[18,2],"tags":[],"class_list":["post-6054","post","type-post","status-publish","format-standard","has-post-thumbnail","hentry","category-actualites","category-economie"],"_links":{"self":[{"href":"https:\/\/ladepeche.mr\/index.php?rest_route=\/wp\/v2\/posts\/6054","targetHints":{"allow":["GET"]}}],"collection":[{"href":"https:\/\/ladepeche.mr\/index.php?rest_route=\/wp\/v2\/posts"}],"about":[{"href":"https:\/\/ladepeche.mr\/index.php?rest_route=\/wp\/v2\/types\/post"}],"author":[{"embeddable":true,"href":"https:\/\/ladepeche.mr\/index.php?rest_route=\/wp\/v2\/users\/2"}],"replies":[{"embeddable":true,"href":"https:\/\/ladepeche.mr\/index.php?rest_route=%2Fwp%2Fv2%2Fcomments&post=6054"}],"version-history":[{"count":4,"href":"https:\/\/ladepeche.mr\/index.php?rest_route=\/wp\/v2\/posts\/6054\/revisions"}],"predecessor-version":[{"id":6059,"href":"https:\/\/ladepeche.mr\/index.php?rest_route=\/wp\/v2\/posts\/6054\/revisions\/6059"}],"wp:featuredmedia":[{"embeddable":true,"href":"https:\/\/ladepeche.mr\/index.php?rest_route=\/wp\/v2\/media\/6055"}],"wp:attachment":[{"href":"https:\/\/ladepeche.mr\/index.php?rest_route=%2Fwp%2Fv2%2Fmedia&parent=6054"}],"wp:term":[{"taxonomy":"category","embeddable":true,"href":"https:\/\/ladepeche.mr\/index.php?rest_route=%2Fwp%2Fv2%2Fcategories&post=6054"},{"taxonomy":"post_tag","embeddable":true,"href":"https:\/\/ladepeche.mr\/index.php?rest_route=%2Fwp%2Fv2%2Ftags&post=6054"}],"curies":[{"name":"wp","href":"https:\/\/api.w.org\/{rel}","templated":true}]}}