{"id":6077,"date":"2023-06-19T07:00:37","date_gmt":"2023-06-19T07:00:37","guid":{"rendered":"https:\/\/ladepeche.mr\/?p=6077"},"modified":"2023-06-19T12:44:01","modified_gmt":"2023-06-19T12:44:01","slug":"construire-ensemble-un-systeme-financier-international-plus-reactif-plus-juste-et-plus-solidaire","status":"publish","type":"post","link":"https:\/\/ladepeche.mr\/?p=6077","title":{"rendered":"Sommet pour le Nouveau Pacte financier mondial: Construire ensemble un syst\u00e8me financier international plus r\u00e9actif, plus juste, et plus solidaire&#8230;Par SEM A.Garcia, ambassadeur de France en Mauritanie"},"content":{"rendered":"<p>L\u2019architecture financi\u00e8re internationale h\u00e9rit\u00e9e de l\u2019apr\u00e8s-guerre n\u2019est plus suffisamment adapt\u00e9e au creusement des in\u00e9galit\u00e9s, au d\u00e9fi climatique, \u00e0 l\u2019\u00e9rosion de la biodiversit\u00e9 et aux d\u00e9fis de sant\u00e9 publique qui marquent le 21\u00e8me si\u00e8cle. Les r\u00e9ponses apport\u00e9es par la communaut\u00e9 internationale sont aujourd\u2019hui fragment\u00e9es, partielles et insuffisantes. D\u2019une part, les ressources concessionnelles d\u00e9ploy\u00e9es par les institutions de d\u00e9veloppement ne d\u00e9livrent pas tout leur potentiel, notamment en termes d\u2019impact, de co-financement et d\u2019ad\u00e9quation aux besoins. D\u2019autre part, le rench\u00e9rissement des conditions de financement et l\u2019accroissement de l\u2019endettement freinent les investissements dans les pays en d\u00e9veloppement et ne leur donnent pas les moyens d\u2019affronter les d\u00e9fis auxquels ils font face.<\/p>\n<p>La solidarit\u00e9 internationale est pourtant plus que jamais indispensable dans un contexte de multiplication de crises, qui fragilisent encore davantage les pays les plus pauvres et les plus vuln\u00e9rables. Pour permettre aux pays les plus expos\u00e9s de sortir de la crise COVID, de faire face aux cons\u00e9quences de l\u2019agression russe en Ukraine sur leur s\u00e9curit\u00e9 alimentaire et \u00e9nerg\u00e9tique, et de financer le co\u00fbt tr\u00e8s \u00e9lev\u00e9 de la transition climatique et des cons\u00e9quences des \u00e9v\u00e9nements climatiques extr\u00eames, un changement d\u2019\u00e9chelle s\u2019impose.<\/p>\n<p>Le syst\u00e8me financier international h\u00e9rit\u00e9 de Bretton Woods touche \u00e0 ses limites, alors que deux risques majeurs p\u00e8sent sur l\u2019avenir de notre plan\u00e8te : d\u2019abord un soutien insuffisant au d\u00e9veloppement et \u00e0 la  protection des biens publics mondiaux, faute de ressources mobilis\u00e9es, et surtout, un risque de fragmentation g\u00e9opolitique, dans un moment o\u00f9 nous avons plus que jamais besoin d\u2019un multilat\u00e9ralisme efficace et d\u2019une coop\u00e9ration renforc\u00e9e.<\/p>\n<p>Nombre de pays du G7 et du G20, d\u2019organisations et d\u2019associations, partagent avec la France ce constat et souhaitent porter cette m\u00eame conviction : nous devons agir vite et ensemble pour corriger les d\u00e9s\u00e9quilibres et injustices qu\u2019engendrent ces fractures. Nous appelons donc, aujourd\u2019hui, \u00e0 une r\u00e9vision de notre logiciel et \u00e0 un choc de financement. Nous devons faire \u00e9voluer, ensemble, notre syst\u00e8me financier international pour qu\u2019il soit plus r\u00e9actif, plus juste, et plus solidaire, pour lutter contre les in\u00e9galit\u00e9s, financer la transition climatique et la protection de la biodiversit\u00e9, et nous rapprocher de l\u2019atteinte des objectifs du d\u00e9veloppement durable des Nations Unies.<\/p>\n<p>C\u2019est l\u2019objectif du Sommet pour le Nouveau Pacte financier mondial, qui se tiendra \u00e0 Paris, les 22 et 23 juin prochains. Ce sommet se veut inclusif \u2013 chaque pays, chaque sensibilit\u00e9, chaque proposition devra pouvoir s\u2019exprimer.<\/p>\n<p>Ce sommet s\u2019inscrit dans une dynamique positive : le lancement de la r\u00e9forme de la Banque mondiale, la pr\u00e9sidence indienne du G20 et celle du Br\u00e9sil \u00e0 venir, la revue \u00e0 mi-parcours des objectifs du d\u00e9veloppement durable, les engagements pris lors des COP sont autant de motifs d\u2019espoir pour poursuivre cet \u00e9lan. Et des solutions tangibles ont d\u00e9j\u00e0 \u00e9t\u00e9 amorc\u00e9es : le Club de Paris et le G20 ont lanc\u00e9 une initiative de traitement de la dette, et la France joue un r\u00f4le pivot dans la mise en \u0153uvre de solutions coordonn\u00e9es au sein de ce \u00ab Cadre commun \u00bb. Nous avons propos\u00e9 et obtenu la mobilisation de 100 Md$ de droits de tirage sp\u00e9ciaux du FMI au profit des pays les plus vuln\u00e9rables. Tous les pays qui le peuvent doivent d\u00e9sormais prendre leur part \u00e0 cet effort. Plusieurs banques multilat\u00e9rales de d\u00e9veloppement ont commenc\u00e9 \u00e0 r\u00e9pondre aux demandes du G20, en mettant en \u0153uvre de premi\u00e8res mesures d\u2019optimisation du capital pour augmenter leur capacit\u00e9 de pr\u00eat. <\/p>\n<p>Mais il faut aujourd\u2019hui aller plus loin, en nous inspirant, par exemple, de l\u2019Initiative de Bridgetown, un ensemble de solutions innovantes port\u00e9 par la Barbade, pour faire face \u00e0 la vuln\u00e9rabilit\u00e9 climatique qui touche de nombreux pays en d\u00e9veloppement et \u00e0 revenu interm\u00e9diaire.<\/p>\n<p>Nous allons porter un agenda de r\u00e9formes des banques de d\u00e9veloppement et du FMI pour mieux financer les pays qui en ont le plus besoin ainsi que les d\u00e9fis globaux. C&#8217;est un agenda d&#8217;am\u00e9lioration des instruments et du capital existants et de promotion d\u2019approches et d\u2019instruments innovants pour accompagner les pays les plus pauvres et les plus vuln\u00e9rables. C&#8217;est aussi la volont\u00e9 de mobiliser davantage de financements priv\u00e9s \u00e0 travers des m\u00e9canismes de garantie et de partage des risques afin de r\u00e9orienter les flux financiers vers ces pays afin notamment de soutenir le secteur priv\u00e9 local et les infrastructures durables. Cela suppose une mobilisation plus forte de nos instruments, des financements nouveaux et innovants, publics et priv\u00e9s.<\/p>\n<p>A titre d\u2019exemple, dans son partenariat avec la Mauritanie, la France, avec l\u2019Agence fran\u00e7aise de d\u00e9veloppement (AFD),  a mis en place des solutions innovantes sur chacun des principaux th\u00e8mes abord\u00e9s lors du Sommet de Paris :<br \/>\n&#8211; sur le financement du secteur priv\u00e9, avec les garanties bancaires aux PME propos\u00e9es par Proparco, filiale de l\u2019AFD;<br \/>\n&#8211; sur le financement des infrastructures durables, avec la mise en service de la centrale hybride de Kiffa et de nouveaux projets dans les secteurs de l\u2019\u00e9lectrification et de l\u2019hydraulique rurales ;<br \/>\n&#8211; sur le soutien face au changement climatique, avec un important appui au projet de Grande Muraille verte et le financement du Fonds de r\u00e9ponse aux crises alimentaires et nutritionnelles en faveur des populations vuln\u00e9rables qui subissent les crises li\u00e9es au changement climatique. <\/p>\n<p>Pour \u00eatre plus efficaces, nos institutions financi\u00e8res internationales doivent pouvoir s\u2019engager encore davantage qu\u2019elles ne le font actuellement pour travailler mieux ensemble, tout en mobilisant mieux l\u2019\u00e9pargne priv\u00e9e. Pour \u00eatre plus inclusifs, nous devons, surtout, donner une voix plus importante aux pays les plus vuln\u00e9rables dans les enceintes internationales.<\/p>\n<p>Le Sommet pour un nouveau pacte financier mettra au premier plan les enjeux financiers internationaux, la pr\u00e9sence de nombreux chefs d\u2019Etat et de gouvernement donnera l\u2019impulsion n\u00e9cessaire pour obtenir les transformations qui s\u2019imposent.<\/p>\n<p>Nous n&#8217;avons pas \u00e0 choisir entre la lutte contre la pauvret\u00e9, la lutte contre le r\u00e9chauffement climatique  et ses cons\u00e9quences, et la protection de la biodiversit\u00e9. La transition juste est la seule r\u00e9ponse. <\/p>\n<p>Alexandre Garcia<br \/>\nAmbassadeur de France en Mauritanie <\/p>\n","protected":false},"excerpt":{"rendered":"<p>L\u2019architecture financi\u00e8re internationale h\u00e9rit\u00e9e de l\u2019apr\u00e8s-guerre n\u2019est plus suffisamment adapt\u00e9e au creusement des in\u00e9galit\u00e9s, au d\u00e9fi climatique, \u00e0 l\u2019\u00e9rosion de la biodiversit\u00e9 et aux d\u00e9fis de sant\u00e9 publique qui marquent le 21\u00e8me si\u00e8cle. Les r\u00e9ponses apport\u00e9es par la communaut\u00e9 internationale sont aujourd\u2019hui fragment\u00e9es, partielles et insuffisantes. D\u2019une part, les ressources concessionnelles d\u00e9ploy\u00e9es par les institutions &hellip;<\/p>\n","protected":false},"author":2,"featured_media":6078,"comment_status":"open","ping_status":"open","sticky":false,"template":"","format":"standard","meta":{"footnotes":""},"categories":[18,29,19],"tags":[],"class_list":["post-6077","post","type-post","status-publish","format-standard","has-post-thumbnail","hentry","category-actualites","category-monde","category-tribune"],"_links":{"self":[{"href":"https:\/\/ladepeche.mr\/index.php?rest_route=\/wp\/v2\/posts\/6077","targetHints":{"allow":["GET"]}}],"collection":[{"href":"https:\/\/ladepeche.mr\/index.php?rest_route=\/wp\/v2\/posts"}],"about":[{"href":"https:\/\/ladepeche.mr\/index.php?rest_route=\/wp\/v2\/types\/post"}],"author":[{"embeddable":true,"href":"https:\/\/ladepeche.mr\/index.php?rest_route=\/wp\/v2\/users\/2"}],"replies":[{"embeddable":true,"href":"https:\/\/ladepeche.mr\/index.php?rest_route=%2Fwp%2Fv2%2Fcomments&post=6077"}],"version-history":[{"count":3,"href":"https:\/\/ladepeche.mr\/index.php?rest_route=\/wp\/v2\/posts\/6077\/revisions"}],"predecessor-version":[{"id":6118,"href":"https:\/\/ladepeche.mr\/index.php?rest_route=\/wp\/v2\/posts\/6077\/revisions\/6118"}],"wp:featuredmedia":[{"embeddable":true,"href":"https:\/\/ladepeche.mr\/index.php?rest_route=\/wp\/v2\/media\/6078"}],"wp:attachment":[{"href":"https:\/\/ladepeche.mr\/index.php?rest_route=%2Fwp%2Fv2%2Fmedia&parent=6077"}],"wp:term":[{"taxonomy":"category","embeddable":true,"href":"https:\/\/ladepeche.mr\/index.php?rest_route=%2Fwp%2Fv2%2Fcategories&post=6077"},{"taxonomy":"post_tag","embeddable":true,"href":"https:\/\/ladepeche.mr\/index.php?rest_route=%2Fwp%2Fv2%2Ftags&post=6077"}],"curies":[{"name":"wp","href":"https:\/\/api.w.org\/{rel}","templated":true}]}}