{"id":6095,"date":"2023-06-17T15:47:13","date_gmt":"2023-06-17T15:47:13","guid":{"rendered":"https:\/\/ladepeche.mr\/?p=6095"},"modified":"2023-06-17T15:47:13","modified_gmt":"2023-06-17T15:47:13","slug":"reprise-de-la-peche-au-poulpe-course-a-lor-bleu","status":"publish","type":"post","link":"https:\/\/ladepeche.mr\/?p=6095","title":{"rendered":"Reprise de la p\u00eache au poulpe: Course \u00e0 l&#8217;or bleu!"},"content":{"rendered":"<p>L\u2019arr\u00eat biologique interdisant la p\u00eache dans nos eaux de certaines esp\u00e8ces demersales comme le poulpe prendra fin le premier juillet 2023 avec l\u2019autorisation d\u2019un retour en mer de la p\u00eache artisanale qui, \u00e0 partir du premier juillet, pourrait vaquer \u00e0 ses activit\u00e9s.<br \/>\nCette reprise d\u2019activit\u00e9 de p\u00eache au poulpe a \u00e9t\u00e9 programm\u00e9e suivant un calendrier fixane les dates de permission de reprise d\u2019activit\u00e9 pour les autres segments \u00e9galement.<br \/>\nL\u2019arr\u00eat\u00e9 rendu public par le ministre des P\u00eaches et de l\u2019\u00c9conomie maritime le 16 juin a fix\u00e9 le calendrier de la reprise de la p\u00eache au poulpe est inaugur\u00e9 par la p\u00eache artisanale.<br \/>\nOutre celle-ci, le minist\u00e8re pr\u00e9cise dans un communiqu\u00e9 du 16 juin, que les navires d\u2019une longueur sup\u00e9rieure \u00e0 14 m\u00e8tres ou \u00e9gale \u00e0 15 m\u00e8tres pourraient reprendre le 3 juillet alors que pour la p\u00eache c\u00f4ti\u00e8re et hauturi\u00e8re, ce sera respectivement les 5 et 10 juillet.<br \/>\nLe parc piroguier d\u00e9di\u00e9 \u00e0 la p\u00eache au poulpe en Mauritanie est \u00e9valu\u00e9 \u00e0 des milliers d&#8217;embarcations. Elle emploie plus de deux cents milles personnes dont 66.000 emplois directs.<br \/>\nLa Mauritanie dispose d\u2019une Zone \u00e9conomique exclusive (ZEE) de 200 milles nautiques et d\u2019une superficie de 234.000 km2 r\u00e9put\u00e9e poissonneuse et avec un plateau continental de 39.000 km qui grouille d&#8217;une vie insoup\u00e7onn\u00e9e sous les eaux.<br \/>\nLa gestion des ressources halieutiques est op\u00e9r\u00e9e suivant un syst\u00e8me de capture qui r\u00e9pond aujourd\u2019hui \u00e0 une politique de quotas mise en \u0153uvre dans l\u2019avant-derni\u00e8re strat\u00e9gie de d\u00e9veloppement de la p\u00eache dans le pays.<br \/>\nL\u2019arr\u00eat biologique, rappelle-t-on enfin, initi\u00e9 depuis les ann\u00e9es 90 vise \u00e0 att\u00e9nuer l\u2019exploitation de cette esp\u00e8ce surexploit\u00e9e (environ 34 tonnes\/an) recherch\u00e9e pour sa valeur commerciale \u00e0 l\u2019\u00e9tranger. L\u2019arr\u00eat biologique correspond aussi normalement \u00e0 une p\u00e9riode de reproduction de l\u2019esp\u00e8ce pour lui permettre de reconstituer ses stocks.<\/p>\n","protected":false},"excerpt":{"rendered":"<p>L\u2019arr\u00eat biologique interdisant la p\u00eache dans nos eaux de certaines esp\u00e8ces demersales comme le poulpe prendra fin le premier juillet 2023 avec l\u2019autorisation d\u2019un retour en mer de la p\u00eache artisanale qui, \u00e0 partir du premier juillet, pourrait vaquer \u00e0 ses activit\u00e9s. Cette reprise d\u2019activit\u00e9 de p\u00eache au poulpe a \u00e9t\u00e9 programm\u00e9e suivant un calendrier &hellip;<\/p>\n","protected":false},"author":2,"featured_media":6036,"comment_status":"open","ping_status":"open","sticky":false,"template":"","format":"standard","meta":{"footnotes":""},"categories":[18,2],"tags":[],"class_list":["post-6095","post","type-post","status-publish","format-standard","has-post-thumbnail","hentry","category-actualites","category-economie"],"_links":{"self":[{"href":"https:\/\/ladepeche.mr\/index.php?rest_route=\/wp\/v2\/posts\/6095","targetHints":{"allow":["GET"]}}],"collection":[{"href":"https:\/\/ladepeche.mr\/index.php?rest_route=\/wp\/v2\/posts"}],"about":[{"href":"https:\/\/ladepeche.mr\/index.php?rest_route=\/wp\/v2\/types\/post"}],"author":[{"embeddable":true,"href":"https:\/\/ladepeche.mr\/index.php?rest_route=\/wp\/v2\/users\/2"}],"replies":[{"embeddable":true,"href":"https:\/\/ladepeche.mr\/index.php?rest_route=%2Fwp%2Fv2%2Fcomments&post=6095"}],"version-history":[{"count":1,"href":"https:\/\/ladepeche.mr\/index.php?rest_route=\/wp\/v2\/posts\/6095\/revisions"}],"predecessor-version":[{"id":6096,"href":"https:\/\/ladepeche.mr\/index.php?rest_route=\/wp\/v2\/posts\/6095\/revisions\/6096"}],"wp:featuredmedia":[{"embeddable":true,"href":"https:\/\/ladepeche.mr\/index.php?rest_route=\/wp\/v2\/media\/6036"}],"wp:attachment":[{"href":"https:\/\/ladepeche.mr\/index.php?rest_route=%2Fwp%2Fv2%2Fmedia&parent=6095"}],"wp:term":[{"taxonomy":"category","embeddable":true,"href":"https:\/\/ladepeche.mr\/index.php?rest_route=%2Fwp%2Fv2%2Fcategories&post=6095"},{"taxonomy":"post_tag","embeddable":true,"href":"https:\/\/ladepeche.mr\/index.php?rest_route=%2Fwp%2Fv2%2Ftags&post=6095"}],"curies":[{"name":"wp","href":"https:\/\/api.w.org\/{rel}","templated":true}]}}