{"id":6097,"date":"2023-06-17T16:36:15","date_gmt":"2023-06-17T16:36:15","guid":{"rendered":"https:\/\/ladepeche.mr\/?p=6097"},"modified":"2023-06-17T16:38:28","modified_gmt":"2023-06-17T16:38:28","slug":"eliminatoire-de-la-can2023-la-victoire-rien-que-la-victoire-pour-les-mourabitounes","status":"publish","type":"post","link":"https:\/\/ladepeche.mr\/?p=6097","title":{"rendered":"Eliminatoire de la CAN2023 : La victoire, rien que la victoire pour les Mourabitounes face au Soudan"},"content":{"rendered":"<p>Les Mourabitounes ont jou\u00e9 et perdu en match amical de pr\u00e9paration de la CAN2023. Une erreur monumentale que l\u2019on esp\u00e8re ne rejaillira pas sur le mental de notre Onze national qui, avec 5 points, affronte dans trois jours l\u2019\u00e9quipe soudanaise, pour le compte de la cinqui\u00e8me journ\u00e9e des \u00e9liminatoires de la CAN 2023.<br \/>\nIl va falloir pour le coach Amir Abdou sortir le meilleur de ses joueurs le 20 juin 2023 \u00e0 Agadir (Maroc) pour \u00e9carter le Soudan qui, avec 6 points -et la relance de la RDC- constitue un s\u00e9rieux obstacle \u00e0 notre prochaine qualification.<\/p>\n","protected":false},"excerpt":{"rendered":"<p>Les Mourabitounes ont jou\u00e9 et perdu en match amical de pr\u00e9paration de la CAN2023. Une erreur monumentale que l\u2019on esp\u00e8re ne rejaillira pas sur le mental de notre Onze national qui, avec 5 points, affronte dans trois jours l\u2019\u00e9quipe soudanaise, pour le compte de la cinqui\u00e8me journ\u00e9e des \u00e9liminatoires de la CAN 2023. Il va &hellip;<\/p>\n","protected":false},"author":2,"featured_media":6098,"comment_status":"open","ping_status":"open","sticky":false,"template":"","format":"standard","meta":{"footnotes":""},"categories":[18,26,17],"tags":[],"class_list":["post-6097","post","type-post","status-publish","format-standard","has-post-thumbnail","hentry","category-actualites","category-en-panne","category-sports"],"_links":{"self":[{"href":"https:\/\/ladepeche.mr\/index.php?rest_route=\/wp\/v2\/posts\/6097","targetHints":{"allow":["GET"]}}],"collection":[{"href":"https:\/\/ladepeche.mr\/index.php?rest_route=\/wp\/v2\/posts"}],"about":[{"href":"https:\/\/ladepeche.mr\/index.php?rest_route=\/wp\/v2\/types\/post"}],"author":[{"embeddable":true,"href":"https:\/\/ladepeche.mr\/index.php?rest_route=\/wp\/v2\/users\/2"}],"replies":[{"embeddable":true,"href":"https:\/\/ladepeche.mr\/index.php?rest_route=%2Fwp%2Fv2%2Fcomments&post=6097"}],"version-history":[{"count":2,"href":"https:\/\/ladepeche.mr\/index.php?rest_route=\/wp\/v2\/posts\/6097\/revisions"}],"predecessor-version":[{"id":6100,"href":"https:\/\/ladepeche.mr\/index.php?rest_route=\/wp\/v2\/posts\/6097\/revisions\/6100"}],"wp:featuredmedia":[{"embeddable":true,"href":"https:\/\/ladepeche.mr\/index.php?rest_route=\/wp\/v2\/media\/6098"}],"wp:attachment":[{"href":"https:\/\/ladepeche.mr\/index.php?rest_route=%2Fwp%2Fv2%2Fmedia&parent=6097"}],"wp:term":[{"taxonomy":"category","embeddable":true,"href":"https:\/\/ladepeche.mr\/index.php?rest_route=%2Fwp%2Fv2%2Fcategories&post=6097"},{"taxonomy":"post_tag","embeddable":true,"href":"https:\/\/ladepeche.mr\/index.php?rest_route=%2Fwp%2Fv2%2Ftags&post=6097"}],"curies":[{"name":"wp","href":"https:\/\/api.w.org\/{rel}","templated":true}]}}