{"id":6105,"date":"2023-06-17T21:00:59","date_gmt":"2023-06-17T21:00:59","guid":{"rendered":"https:\/\/ladepeche.mr\/?p=6105"},"modified":"2023-06-17T21:02:21","modified_gmt":"2023-06-17T21:02:21","slug":"le-mali-demande-le-retrait-sans-delai-de-la-minusma-la-mission-de-lonu-dans-le-pays","status":"publish","type":"post","link":"https:\/\/ladepeche.mr\/?p=6105","title":{"rendered":"Le Mali demande le \u00abretrait sans d\u00e9lai\u00bb de la Minusma, la mission de l&#8217;ONU dans le pays"},"content":{"rendered":"<p>Le ministre malien des Affaires \u00e9trang\u00e8res, Abdoulaye Diop, a demand\u00e9 ce vendredi 16 juin 2023 devant le Conseil de s\u00e9curit\u00e9 de l&#8217;ONU le \u00ab retrait sans d\u00e9lai \u00bb de la mission des Nations unies dans son pays, la Minusma, dont il a d\u00e9nonc\u00e9 \u00ab l&#8217;\u00e9chec \u00bb pour r\u00e9pondre au d\u00e9fi s\u00e9curitaire. L&#8217;annonce d&#8217;Abdoulaye Diop semble avoir pris de court certains membres du Conseil. <\/p>\n<p>Il se chuchotait que le Mali allait faire une sortie importante aujourd&#8217;hui dans la salle du Conseil, mais seuls les membres permanents semblaient avoir imagin\u00e9 cette issue : la demande de retrait imm\u00e9diat de la Minusma, alors que les autorit\u00e9s de transition semblaient tenir \u00e0 cette force il y a encore quelques mois et que les n\u00e9gociations du renouvellement de mandat doivent se d\u00e9rouler ces deux prochaines semaines. M\u00eame s&#8217;il y avait des signes avant-coureurs, rappelle Jean-Herv\u00e9 J\u00e9z\u00e9quel, directeur de projet Sahel \u00e0 l&#8217;International Crisis Group, cette annonce a tout de m\u00eame \u00e9t\u00e9 une surprise.<br \/>\nAbdoulaye Diop a expliqu\u00e9 qu&#8217;apr\u00e8s presque dix ans sur le terrain, le travail de la Minusma \u00e9tait un \u00e9chec. \u00ab La Minusma semble devenir partie du probl\u00e8me en alimentant les tensions communautaires exacerb\u00e9es par des all\u00e9gations d&#8217;une extr\u00eame gravit\u00e9 et qui sont fortement pr\u00e9judiciables \u00e0 la paix, \u00e0 la r\u00e9conciliation et \u00e0 la coh\u00e9sion nationale du Mali \u00bb, a-t-il estim\u00e9. \u00ab Cette situation engendre un sentiment de m\u00e9fiance des populations \u00e0 l&#8217;\u00e9gard de la Minusma et une crise de confiance entre les autorit\u00e9s maliennes et la Minusma \u00bb, a-t-il insist\u00e9.<\/p>\n<p>Le ministre malien des Affaires \u00e9trang\u00e8res n&#8217;a en revanche pas r\u00e9pondu aux inqui\u00e9tudes du Conseil sur l&#8217;entrave \u00e0 la libert\u00e9 de circulation des casques Bleus par son pays. Bamako estime par ailleurs que la recommandation du secr\u00e9taire g\u00e9n\u00e9ral de r\u00e9duire la voilure et recentrer les missions de la Minusma ne r\u00e9pond pas \u00e0 ses besoins.<\/p>\n<p>Enfin, il a pass\u00e9 du temps \u00e0 se justifier sur le massacre commis \u00e0 Moura en 2022, o\u00f9 la responsabilit\u00e9 des forces maliennes est d\u00e9plor\u00e9e par le Haut-Commissariat aux Droits de l&#8217;homme et il d\u00e9nonce l&#8217;enqu\u00eate. Pour lui, son arm\u00e9e n&#8217;a fait qu&#8217;\u00e9liminer un nid de terroriste qu&#8217;aucune autre force n&#8217;osait attaquer. C&#8217;est peut-\u00eatre cette mention dans le rapport d&#8217;Antonio Guterres, il y a quelques jours qui aurait mis le feu aux poudres.<\/p>\n<p>\u00ab Presque impossible \u00bb de mener une mission dans ces circonstances<br \/>\nSuite \u00e0 la demande de Bamako, le chef de la mission de l&#8217;ONU au Mali, El Ghassim Wane, a expliqu\u00e9 que cela rendait l&#8217;op\u00e9ration de maintien de la paix onusienne \u00ab presque impossible \u00bb.  \u00ab C&#8217;est une d\u00e9cision qui doit \u00eatre prise par le Conseil [de s\u00e9curit\u00e9], mais ce que je veux faire valoir, et tout le monde est d&#8217;accord sur ce point, c&#8217;est que le maintien de la paix est bas\u00e9 sur le principe du consentement du pays h\u00f4te, et sans ce consentement, les op\u00e9rations sont presque impossibles \u00bb, a-t-il d\u00e9clar\u00e9 \u00e0 la presse.<\/p>\n<p>Enfin, Jean-Herv\u00e9 J\u00e9z\u00e9quel, de l&#8217;International Crisis Group, alerte sur les cons\u00e9quences d&#8217;une telle annonce sur le terrain pour les civils. \u00ab On observe ces derni\u00e8res ann\u00e9es une brutalisation du conflit au Mali. C&#8217;est-\u00e0-dire qu&#8217;il y a une augmentation assez inqui\u00e9tante du nombre de victimes civiles. Or, la Minusma \u00e9tait une protection des violences contre les civils, sans doute mince, sans doute tr\u00e8s imparfaite, mais la mission tentait de maintenir les strat\u00e9gies de contre-insurrection dans certaines limites. \u00bb<\/p>\n<p>Rfi<\/p>\n","protected":false},"excerpt":{"rendered":"<p>Le ministre malien des Affaires \u00e9trang\u00e8res, Abdoulaye Diop, a demand\u00e9 ce vendredi 16 juin 2023 devant le Conseil de s\u00e9curit\u00e9 de l&#8217;ONU le \u00ab retrait sans d\u00e9lai \u00bb de la mission des Nations unies dans son pays, la Minusma, dont il a d\u00e9nonc\u00e9 \u00ab l&#8217;\u00e9chec \u00bb pour r\u00e9pondre au d\u00e9fi s\u00e9curitaire. L&#8217;annonce d&#8217;Abdoulaye Diop semble &hellip;<\/p>\n","protected":false},"author":2,"featured_media":6104,"comment_status":"open","ping_status":"open","sticky":false,"template":"","format":"standard","meta":{"footnotes":""},"categories":[18,29,28],"tags":[],"class_list":["post-6105","post","type-post","status-publish","format-standard","has-post-thumbnail","hentry","category-actualites","category-monde","category-sahel"],"_links":{"self":[{"href":"https:\/\/ladepeche.mr\/index.php?rest_route=\/wp\/v2\/posts\/6105","targetHints":{"allow":["GET"]}}],"collection":[{"href":"https:\/\/ladepeche.mr\/index.php?rest_route=\/wp\/v2\/posts"}],"about":[{"href":"https:\/\/ladepeche.mr\/index.php?rest_route=\/wp\/v2\/types\/post"}],"author":[{"embeddable":true,"href":"https:\/\/ladepeche.mr\/index.php?rest_route=\/wp\/v2\/users\/2"}],"replies":[{"embeddable":true,"href":"https:\/\/ladepeche.mr\/index.php?rest_route=%2Fwp%2Fv2%2Fcomments&post=6105"}],"version-history":[{"count":1,"href":"https:\/\/ladepeche.mr\/index.php?rest_route=\/wp\/v2\/posts\/6105\/revisions"}],"predecessor-version":[{"id":6106,"href":"https:\/\/ladepeche.mr\/index.php?rest_route=\/wp\/v2\/posts\/6105\/revisions\/6106"}],"wp:featuredmedia":[{"embeddable":true,"href":"https:\/\/ladepeche.mr\/index.php?rest_route=\/wp\/v2\/media\/6104"}],"wp:attachment":[{"href":"https:\/\/ladepeche.mr\/index.php?rest_route=%2Fwp%2Fv2%2Fmedia&parent=6105"}],"wp:term":[{"taxonomy":"category","embeddable":true,"href":"https:\/\/ladepeche.mr\/index.php?rest_route=%2Fwp%2Fv2%2Fcategories&post=6105"},{"taxonomy":"post_tag","embeddable":true,"href":"https:\/\/ladepeche.mr\/index.php?rest_route=%2Fwp%2Fv2%2Ftags&post=6105"}],"curies":[{"name":"wp","href":"https:\/\/api.w.org\/{rel}","templated":true}]}}