{"id":6110,"date":"2023-06-18T14:26:25","date_gmt":"2023-06-18T14:26:25","guid":{"rendered":"https:\/\/ladepeche.mr\/?p=6110"},"modified":"2023-06-18T14:44:49","modified_gmt":"2023-06-18T14:44:49","slug":"politique-le-vice-president-de-sawab-accuse-oumar-ould-yali-denvenimer-les-relations-avec-biram-dah-abeid","status":"publish","type":"post","link":"https:\/\/ladepeche.mr\/?p=6110","title":{"rendered":"Politique: Le vice-pr\u00e9sident de \u00abSawab \u00bb accuse Oumar Ould Yali d\u2019envenimer les relations du parti avec Biram DAH Abeid"},"content":{"rendered":"<p>Le vice-pr\u00e9sident du parti \u00abSawab \u00bb, AHMED Ould Oubeid, a accus\u00e9 Oumar Ould Yali, proche du d\u00e9put\u00e9 et pr\u00e9sident d\u2019Ira-Mauritanie, Biram Dah Abeid, d\u2019envenimer leur relation.<br \/>\nDans un audio sur un groupe Whatsapp, le vice-pr\u00e9sident de \u00ab Sawab \u00bb explique ce qu\u2019il consid\u00e8re comme un probl\u00e8me datant d\u2019une ann\u00e9e au moins et qui aurait d\u00e9g\u00e9n\u00e9r\u00e9 la veille de l\u2019organisation par l\u2019opposition de son dernier meeting \u00e0 Nouakchott. Ce qui augure d\u2019une d\u00e9chirure pr\u00e9visible au sein de cette alliance qui a r\u00e9sist\u00e9 \u00e0 plusieurs ann\u00e9es de travail en commun.<br \/>\nLe vice-pr\u00e9sident de \u00abSawab \u00bb, sous la banni\u00e8re duquel Biram Dah Abeid a \u00e9t\u00e9 \u00e9lu deux fois,  assure qu\u2019il n\u2019existerait plus que deux alternatives pour ce partenariat politique entre \u00abSawab \u00bb et Biram Dah Abeid.<br \/>\nLe premier choix que Sawab voudrait strat\u00e9gique avec Biram Dah Abeid serait d\u2019\u00e9loigner Oumar Ould Yahi et le second s\u2019en tenir \u00e0 une simple alliance tactique lors des consultations, ni plus, ni moins.<br \/>\nC\u2019est la premi\u00e8re fois qu\u2019un conflit \u00e9clate entre les deux parties au point que la rumeur avait couru que Biram Dah Abeid boycotterait la derni\u00e8re sortie de l\u2019opposition dont Sawab assurait l\u2019organisation de la marche.<\/p>\n","protected":false},"excerpt":{"rendered":"<p>Le vice-pr\u00e9sident du parti \u00abSawab \u00bb, AHMED Ould Oubeid, a accus\u00e9 Oumar Ould Yali, proche du d\u00e9put\u00e9 et pr\u00e9sident d\u2019Ira-Mauritanie, Biram Dah Abeid, d\u2019envenimer leur relation. Dans un audio sur un groupe Whatsapp, le vice-pr\u00e9sident de \u00ab Sawab \u00bb explique ce qu\u2019il consid\u00e8re comme un probl\u00e8me datant d\u2019une ann\u00e9e au moins et qui aurait d\u00e9g\u00e9n\u00e9r\u00e9 &hellip;<\/p>\n","protected":false},"author":2,"featured_media":6111,"comment_status":"open","ping_status":"open","sticky":false,"template":"","format":"standard","meta":{"footnotes":""},"categories":[18],"tags":[],"class_list":["post-6110","post","type-post","status-publish","format-standard","has-post-thumbnail","hentry","category-actualites"],"_links":{"self":[{"href":"https:\/\/ladepeche.mr\/index.php?rest_route=\/wp\/v2\/posts\/6110","targetHints":{"allow":["GET"]}}],"collection":[{"href":"https:\/\/ladepeche.mr\/index.php?rest_route=\/wp\/v2\/posts"}],"about":[{"href":"https:\/\/ladepeche.mr\/index.php?rest_route=\/wp\/v2\/types\/post"}],"author":[{"embeddable":true,"href":"https:\/\/ladepeche.mr\/index.php?rest_route=\/wp\/v2\/users\/2"}],"replies":[{"embeddable":true,"href":"https:\/\/ladepeche.mr\/index.php?rest_route=%2Fwp%2Fv2%2Fcomments&post=6110"}],"version-history":[{"count":5,"href":"https:\/\/ladepeche.mr\/index.php?rest_route=\/wp\/v2\/posts\/6110\/revisions"}],"predecessor-version":[{"id":6116,"href":"https:\/\/ladepeche.mr\/index.php?rest_route=\/wp\/v2\/posts\/6110\/revisions\/6116"}],"wp:featuredmedia":[{"embeddable":true,"href":"https:\/\/ladepeche.mr\/index.php?rest_route=\/wp\/v2\/media\/6111"}],"wp:attachment":[{"href":"https:\/\/ladepeche.mr\/index.php?rest_route=%2Fwp%2Fv2%2Fmedia&parent=6110"}],"wp:term":[{"taxonomy":"category","embeddable":true,"href":"https:\/\/ladepeche.mr\/index.php?rest_route=%2Fwp%2Fv2%2Fcategories&post=6110"},{"taxonomy":"post_tag","embeddable":true,"href":"https:\/\/ladepeche.mr\/index.php?rest_route=%2Fwp%2Fv2%2Ftags&post=6110"}],"curies":[{"name":"wp","href":"https:\/\/api.w.org\/{rel}","templated":true}]}}