{"id":6119,"date":"2023-06-19T13:27:30","date_gmt":"2023-06-19T13:27:30","guid":{"rendered":"https:\/\/ladepeche.mr\/?p=6119"},"modified":"2023-06-19T13:27:59","modified_gmt":"2023-06-19T13:27:59","slug":"initiative-dal-aqaba-afrique-de-louest-et-sahel-le-president-senvole-pour-cordoue","status":"publish","type":"post","link":"https:\/\/ladepeche.mr\/?p=6119","title":{"rendered":"\u00ab Initiative d\u2019Al Aqaba Afrique de l\u2019Ouest et Sahel \u00bb: le pr\u00e9sident s&#8217;envole pour Cordoue"},"content":{"rendered":"<p>Le pr\u00e9sident de la R\u00e9publique, Mohamed Ould Cheikh El Ghazouani, s&#8217;est envol\u00e9, lundi matin, \u00e0 destination de Cordoue au Royaume d\u2019Espagne, pour part au Sommet de \u00ab l\u2019Initiative d\u2019Al Aqaba :Afrique de l\u2019Ouest et Sahel \u00bb.<br \/>\nLe pr\u00e9sident de la R\u00e9publique se rend \u00e0 ce rendez-vous de coop\u00e9ration nord-sud \u00e0 la t\u00eate d&#8217;une importante d\u00e9l\u00e9gation comprenant outre la Premi\u00e8re Dame, Dr Mariem Vadhel Dah, Premi\u00e8re Dame, Mohamed Salem Ould Merzoug, ministre des Affaires \u00e9trang\u00e8res, de la Coop\u00e9ration et des Mauritaniens de l\u2019Ext\u00e9rieur, Isma\u00ebl Ould Cheikh Ahmed, directeur de cabinet du Pr\u00e9sident de la R\u00e9publique, Kane Boubacar, ambassadeur de la Mauritanie en Espagne, G\u00e9n\u00e9ral Hanena Ould Hennoun, directeur g\u00e9n\u00e9ral de la suret\u00e9 ext\u00e9rieure et de la documentation, Ahmed Ould Bahini, charg\u00e9 de mission \u00e0 la Pr\u00e9sidence de la R\u00e9publique et El Hacen Ould Ahmed, directeur g\u00e9n\u00e9ral du protocole d\u2019Etat.<br \/>\nLe pr\u00e9sident a \u00e9t\u00e9 salu\u00e9 \u00e0 son d\u00e9part de l&#8217;a\u00e9roport Oum Tounsi par le Premier ministre, Mohamed Ould Bilal Messoud, et d&#8217;autres membres du gouvernement.<\/p>\n","protected":false},"excerpt":{"rendered":"<p>Le pr\u00e9sident de la R\u00e9publique, Mohamed Ould Cheikh El Ghazouani, s&#8217;est envol\u00e9, lundi matin, \u00e0 destination de Cordoue au Royaume d\u2019Espagne, pour part au Sommet de \u00ab l\u2019Initiative d\u2019Al Aqaba :Afrique de l\u2019Ouest et Sahel \u00bb. Le pr\u00e9sident de la R\u00e9publique se rend \u00e0 ce rendez-vous de coop\u00e9ration nord-sud \u00e0 la t\u00eate d&#8217;une importante d\u00e9l\u00e9gation &hellip;<\/p>\n","protected":false},"author":2,"featured_media":6120,"comment_status":"open","ping_status":"open","sticky":false,"template":"","format":"standard","meta":{"footnotes":""},"categories":[18,29],"tags":[],"class_list":["post-6119","post","type-post","status-publish","format-standard","has-post-thumbnail","hentry","category-actualites","category-monde"],"_links":{"self":[{"href":"https:\/\/ladepeche.mr\/index.php?rest_route=\/wp\/v2\/posts\/6119","targetHints":{"allow":["GET"]}}],"collection":[{"href":"https:\/\/ladepeche.mr\/index.php?rest_route=\/wp\/v2\/posts"}],"about":[{"href":"https:\/\/ladepeche.mr\/index.php?rest_route=\/wp\/v2\/types\/post"}],"author":[{"embeddable":true,"href":"https:\/\/ladepeche.mr\/index.php?rest_route=\/wp\/v2\/users\/2"}],"replies":[{"embeddable":true,"href":"https:\/\/ladepeche.mr\/index.php?rest_route=%2Fwp%2Fv2%2Fcomments&post=6119"}],"version-history":[{"count":2,"href":"https:\/\/ladepeche.mr\/index.php?rest_route=\/wp\/v2\/posts\/6119\/revisions"}],"predecessor-version":[{"id":6122,"href":"https:\/\/ladepeche.mr\/index.php?rest_route=\/wp\/v2\/posts\/6119\/revisions\/6122"}],"wp:featuredmedia":[{"embeddable":true,"href":"https:\/\/ladepeche.mr\/index.php?rest_route=\/wp\/v2\/media\/6120"}],"wp:attachment":[{"href":"https:\/\/ladepeche.mr\/index.php?rest_route=%2Fwp%2Fv2%2Fmedia&parent=6119"}],"wp:term":[{"taxonomy":"category","embeddable":true,"href":"https:\/\/ladepeche.mr\/index.php?rest_route=%2Fwp%2Fv2%2Fcategories&post=6119"},{"taxonomy":"post_tag","embeddable":true,"href":"https:\/\/ladepeche.mr\/index.php?rest_route=%2Fwp%2Fv2%2Ftags&post=6119"}],"curies":[{"name":"wp","href":"https:\/\/api.w.org\/{rel}","templated":true}]}}