{"id":6124,"date":"2023-06-19T13:45:51","date_gmt":"2023-06-19T13:45:51","guid":{"rendered":"https:\/\/ladepeche.mr\/?p=6124"},"modified":"2023-06-19T13:47:27","modified_gmt":"2023-06-19T13:47:27","slug":"presidence-de-lassemblee-ould-meguett-favori","status":"publish","type":"post","link":"https:\/\/ladepeche.mr\/?p=6124","title":{"rendered":"Pr\u00e9sidence de l&#8217;Assembl\u00e9e Nationale: Mohamed Ould Meguett favori"},"content":{"rendered":"<p>Le d\u00e9put\u00e9 Mohamed Bamba Meguett, \u00e9lu sur la liste nationale lors des derni\u00e8res \u00e9lections g\u00e9n\u00e9rales, est le favori pour briguer le strapontin de l&#8217;Assembl\u00e9e nationale, apprend-on de source proche du parti au pouvoir.<br \/>\nUne s\u00e9ance pl\u00e9ni\u00e8re est consacr\u00e9e \u00e0 l\u2019\u00e9lection du pr\u00e9sident de la seule chambre parlementaire depuis le r\u00e9f\u00e9rendum de 2017 qui a consacr\u00e9 la disparition du S\u00e9nat, \u00e0 la faveur de la mise en place de conseils r\u00e9gionaux.<\/p>\n<p>Avec le soutien du parti Insaf, fort \u00e0 lui seul de 107 d\u00e9put\u00e9s, et le soutien des partis de la majorit\u00e9 qui s&#8217;est reconstitu\u00e9e apr\u00e8s ces \u00e9lections, Mohamed Ould Meguett sera, sans nul doute, install\u00e9 pr\u00e9sident de l&#8217;Assembl\u00e9e nationale constitu\u00e9e de 176 d\u00e9put\u00e9s dont 4 repr\u00e9sentent les mauritaniens de l&#8217;\u00e9tranger. Il fait face \u00e0 la candidature &#8220;de pure forme&#8221; du d\u00e9put\u00e9 Tawassoul Ahmedou Ould Mbala.<br \/>\nLa s\u00e9ance pl\u00e9ni\u00e8re \u00e9tait pr\u00e9sid\u00e9e par le plus vieux des d\u00e9put\u00e9s, et ancien maire de Ka\u00e9di, Moussa Demba Sow dit Tchomb\u00e9.<\/p>\n","protected":false},"excerpt":{"rendered":"<p>Le d\u00e9put\u00e9 Mohamed Bamba Meguett, \u00e9lu sur la liste nationale lors des derni\u00e8res \u00e9lections g\u00e9n\u00e9rales, est le favori pour briguer le strapontin de l&#8217;Assembl\u00e9e nationale, apprend-on de source proche du parti au pouvoir. Une s\u00e9ance pl\u00e9ni\u00e8re est consacr\u00e9e \u00e0 l\u2019\u00e9lection du pr\u00e9sident de la seule chambre parlementaire depuis le r\u00e9f\u00e9rendum de 2017 qui a consacr\u00e9 &hellip;<\/p>\n","protected":false},"author":2,"featured_media":6125,"comment_status":"open","ping_status":"open","sticky":false,"template":"","format":"standard","meta":{"footnotes":""},"categories":[18],"tags":[],"class_list":["post-6124","post","type-post","status-publish","format-standard","has-post-thumbnail","hentry","category-actualites"],"_links":{"self":[{"href":"https:\/\/ladepeche.mr\/index.php?rest_route=\/wp\/v2\/posts\/6124","targetHints":{"allow":["GET"]}}],"collection":[{"href":"https:\/\/ladepeche.mr\/index.php?rest_route=\/wp\/v2\/posts"}],"about":[{"href":"https:\/\/ladepeche.mr\/index.php?rest_route=\/wp\/v2\/types\/post"}],"author":[{"embeddable":true,"href":"https:\/\/ladepeche.mr\/index.php?rest_route=\/wp\/v2\/users\/2"}],"replies":[{"embeddable":true,"href":"https:\/\/ladepeche.mr\/index.php?rest_route=%2Fwp%2Fv2%2Fcomments&post=6124"}],"version-history":[{"count":2,"href":"https:\/\/ladepeche.mr\/index.php?rest_route=\/wp\/v2\/posts\/6124\/revisions"}],"predecessor-version":[{"id":6127,"href":"https:\/\/ladepeche.mr\/index.php?rest_route=\/wp\/v2\/posts\/6124\/revisions\/6127"}],"wp:featuredmedia":[{"embeddable":true,"href":"https:\/\/ladepeche.mr\/index.php?rest_route=\/wp\/v2\/media\/6125"}],"wp:attachment":[{"href":"https:\/\/ladepeche.mr\/index.php?rest_route=%2Fwp%2Fv2%2Fmedia&parent=6124"}],"wp:term":[{"taxonomy":"category","embeddable":true,"href":"https:\/\/ladepeche.mr\/index.php?rest_route=%2Fwp%2Fv2%2Fcategories&post=6124"},{"taxonomy":"post_tag","embeddable":true,"href":"https:\/\/ladepeche.mr\/index.php?rest_route=%2Fwp%2Fv2%2Ftags&post=6124"}],"curies":[{"name":"wp","href":"https:\/\/api.w.org\/{rel}","templated":true}]}}