{"id":6128,"date":"2023-06-19T15:47:19","date_gmt":"2023-06-19T15:47:19","guid":{"rendered":"https:\/\/ladepeche.mr\/?p=6128"},"modified":"2023-06-19T15:47:19","modified_gmt":"2023-06-19T15:47:19","slug":"pres-de-45-mille-eleves-candidatent-cette-annee-pour-lobtention-du-baccalaureat","status":"publish","type":"post","link":"https:\/\/ladepeche.mr\/?p=6128","title":{"rendered":"Pr\u00e8s de 45 mille \u00e9l\u00e8ves candidatent cette ann\u00e9e pour l\u2019obtention du baccalaur\u00e9at"},"content":{"rendered":"<p>Les \u00e9preuves du baccalaur\u00e9at ont d\u00e9but\u00e9, ce lundi matin, sur toute l\u2019\u00e9tendue du territoire national, avec la participation de 44 862 candidats r\u00e9partis sur 147 centres dont 85 \u00e0 l\u2019int\u00e9rieur du pays.<\/p>\n<p>Les filles qui postulent cette ann\u00e9e \u00e0 l\u2019obtention du baccalaur\u00e9at repr\u00e9sentent 53,84% de l\u2019ensemble, soit 24 155 candidates.<\/p>\n<p>Les participants \u00e0 ces examens \u2013 qui se d\u00e9roulent sur quatre jours cons\u00e9cutifs \u2013 sont r\u00e9partis entre les fili\u00e8res de lettres modernes, litt\u00e9rature originelle, math\u00e9matiques, sciences naturelles, et technique.<\/p>\n<p>Au d\u00e9marrage des \u00e9preuves, le ministre de l\u2019\u00c9ducation nationale et de la R\u00e9forme du Syst\u00e8me \u00e9ducatif, M. Brahim Vall Ould Mohamed Lemine, a effectu\u00e9 ce matin une visite d\u2019inspection dans certains centres d\u2019examen \u00e0 Nouakchott.<\/p>\n<p>C\u2019est ainsi qu\u2019il s\u2019est rendu dans des centres d\u2019examen des lyc\u00e9es de Tevragh-Zeina, de Toujine 2, d\u2019El-Mina 3, o\u00f9 il s\u2019est enquis des conditions dans lesquelles se d\u00e9roule l\u2019examen, prenant le soin de s\u2019informer aupr\u00e8s des candidats de la conformit\u00e9 des \u00e9preuves avec le programme enseign\u00e9.<\/p>\n<p>Le ministre a instruit les superviseurs d\u2019examens d\u2019assurer les contr\u00f4les de fa\u00e7on stricte et de prendre en compte les droits des candidats pour les aider \u00e0 passer l\u2019examen dans des conditions satisfaisantes.<\/p>\n<p>Dans une d\u00e9claration qu\u2019il a faite \u00e0 l\u2019Agence Mauritanienne d\u2019Information, le ministre de l\u2019\u00c9ducation nationale a indiqu\u00e9 que le but de la visite est de voir sur le terrain le d\u00e9roulement de l\u2019examen lors de la premi\u00e8re journ\u00e9e des \u00e9preuves du baccalaur\u00e9at, et de se renseigner aupr\u00e8s des superviseurs et des candidats sur les conditions de d\u00e9roulements et de trouver des solutions imm\u00e9diates aux probl\u00e8mes \u00e9ventuels qui se poseraient.<\/p>\n<p>Il a ajout\u00e9 que le minist\u00e8re a pris pr\u00e9alablement les mesures n\u00e9cessaires pour assurer la r\u00e9ussite de toutes les \u00e9tapes de l\u2019examen dans le respect des conditions et d\u00e9lais pr\u00e9vus en ouvrant le registre des candidatures aux niveaux central et r\u00e9gional \u00e0 la rentr\u00e9e de l\u2019ann\u00e9e scolaire, et en pr\u00e9parant la v\u00e9rification et la mise en correspondance des listes de candidats avec les actes d\u2019\u00e9tat civil.<\/p>\n<p>M. Brahim Vall Ould Mohamed Lemine a indiqu\u00e9 que le baccalaur\u00e9at b\u00e9n\u00e9ficie d\u2019une grande attention de la part des pouvoirs publics, compte tenu de l\u2019attention port\u00e9e par Son Excellence le Pr\u00e9sident de la R\u00e9publique, M. Mohamed Ould Cheikh El Ghazouani, au d\u00e9veloppement de l\u2019\u00e9ducation, au rel\u00e8vement du niveau de l\u2019enseignement, \u00e0 l\u2019am\u00e9lioration de sa qualit\u00e9 et \u00e0 son ad\u00e9quation avec les \u00e9volutions de l\u2019\u00e9poque et les exigences de la mondialisation.<\/p>\n<p>Il s\u2019est dit satisfait du niveau d\u2019organisation qu\u2019il a observ\u00e9 dans les centres d\u2019examen visit\u00e9s, appr\u00e9ciant les efforts d\u00e9ploy\u00e9s par les services techniques du minist\u00e8re et les autorit\u00e9s administratives r\u00e9gionales et de s\u00e9curit\u00e9 pour faire de cet examen un succ\u00e8s.<\/p>\n<p>Au cours de cette visite, le ministre \u00e9tait accompagn\u00e9 du secr\u00e9taire g\u00e9n\u00e9ral du minist\u00e8re, des walis de Nouakchott, des hauts responsables du secteur de l\u2019\u00e9ducation nationale et du pr\u00e9sident de la F\u00e9d\u00e9ration nationale des associations des parents d\u2019\u00e9l\u00e8ves.<br \/>\nAmi<\/p>\n","protected":false},"excerpt":{"rendered":"<p>Les \u00e9preuves du baccalaur\u00e9at ont d\u00e9but\u00e9, ce lundi matin, sur toute l\u2019\u00e9tendue du territoire national, avec la participation de 44 862 candidats r\u00e9partis sur 147 centres dont 85 \u00e0 l\u2019int\u00e9rieur du pays. Les filles qui postulent cette ann\u00e9e \u00e0 l\u2019obtention du baccalaur\u00e9at repr\u00e9sentent 53,84% de l\u2019ensemble, soit 24 155 candidates. Les participants \u00e0 ces examens &hellip;<\/p>\n","protected":false},"author":2,"featured_media":6129,"comment_status":"open","ping_status":"open","sticky":false,"template":"","format":"standard","meta":{"footnotes":""},"categories":[18],"tags":[],"class_list":["post-6128","post","type-post","status-publish","format-standard","has-post-thumbnail","hentry","category-actualites"],"_links":{"self":[{"href":"https:\/\/ladepeche.mr\/index.php?rest_route=\/wp\/v2\/posts\/6128","targetHints":{"allow":["GET"]}}],"collection":[{"href":"https:\/\/ladepeche.mr\/index.php?rest_route=\/wp\/v2\/posts"}],"about":[{"href":"https:\/\/ladepeche.mr\/index.php?rest_route=\/wp\/v2\/types\/post"}],"author":[{"embeddable":true,"href":"https:\/\/ladepeche.mr\/index.php?rest_route=\/wp\/v2\/users\/2"}],"replies":[{"embeddable":true,"href":"https:\/\/ladepeche.mr\/index.php?rest_route=%2Fwp%2Fv2%2Fcomments&post=6128"}],"version-history":[{"count":1,"href":"https:\/\/ladepeche.mr\/index.php?rest_route=\/wp\/v2\/posts\/6128\/revisions"}],"predecessor-version":[{"id":6130,"href":"https:\/\/ladepeche.mr\/index.php?rest_route=\/wp\/v2\/posts\/6128\/revisions\/6130"}],"wp:featuredmedia":[{"embeddable":true,"href":"https:\/\/ladepeche.mr\/index.php?rest_route=\/wp\/v2\/media\/6129"}],"wp:attachment":[{"href":"https:\/\/ladepeche.mr\/index.php?rest_route=%2Fwp%2Fv2%2Fmedia&parent=6128"}],"wp:term":[{"taxonomy":"category","embeddable":true,"href":"https:\/\/ladepeche.mr\/index.php?rest_route=%2Fwp%2Fv2%2Fcategories&post=6128"},{"taxonomy":"post_tag","embeddable":true,"href":"https:\/\/ladepeche.mr\/index.php?rest_route=%2Fwp%2Fv2%2Ftags&post=6128"}],"curies":[{"name":"wp","href":"https:\/\/api.w.org\/{rel}","templated":true}]}}