{"id":6131,"date":"2023-06-19T15:55:14","date_gmt":"2023-06-19T15:55:14","guid":{"rendered":"https:\/\/ladepeche.mr\/?p=6131"},"modified":"2023-06-19T16:25:51","modified_gmt":"2023-06-19T16:25:51","slug":"assemblee-nationale-mohamed-ould-meguett-elu-president","status":"publish","type":"post","link":"https:\/\/ladepeche.mr\/?p=6131","title":{"rendered":"Assembl\u00e9e nationale: Mohamed Ould Meguett \u00e9lu pr\u00e9sident"},"content":{"rendered":"<p>Le d\u00e9put\u00e9 Mohamed Ould Meguett (INSAF, parti au pouvoir) a \u00e9t\u00e9 \u00e9lu, sans surprise, ce lundi 19 juin 2023 pr\u00e9sident de l\u2019Assembl\u00e9e Nationale pour un mandat de 5 ans.<br \/>\nOuld Meguett a \u00e9t\u00e9 choisi, face \u00e0 un candidat de l&#8217;opposition, avec 137 voix contre 27 \u00e0 son adversaire,  Ahmedou Ould Mbala, de Tawassoul (islamistes). <\/p>\n<p>Ancien DGSN et ex-chef d&#8217;\u00e9tat-major des arm\u00e9es, Mohamed Ould Meguett \u00e9tait \u00e0 la retraite militaire avant de reprendre du service en politique devenant ainsi le candidat du pouvoir pour la pr\u00e9sidence de l&#8217;Assembl\u00e9e nationale.<br \/>\nIl a \u00e9t\u00e9 &#8220;\u00e9gratign\u00e9&#8221; par ses adversaires l&#8217;accusant de &#8220;violations de droits de l&#8217;Homme&#8221; pendant son itin\u00e9raire militaire. Une accusation qui ferait l&#8217;affaire de ses outsiders politiques dans sa r\u00e9gion qui, semble-t-il, tentaient de l&#8217;\u00e9carter de la pr\u00e9sidence de l&#8217;AN, en brandissant de telles accusations.<\/p>\n","protected":false},"excerpt":{"rendered":"<p>Le d\u00e9put\u00e9 Mohamed Ould Meguett (INSAF, parti au pouvoir) a \u00e9t\u00e9 \u00e9lu, sans surprise, ce lundi 19 juin 2023 pr\u00e9sident de l\u2019Assembl\u00e9e Nationale pour un mandat de 5 ans. Ould Meguett a \u00e9t\u00e9 choisi, face \u00e0 un candidat de l&#8217;opposition, avec 137 voix contre 27 \u00e0 son adversaire, Ahmedou Ould Mbala, de Tawassoul (islamistes). Ancien &hellip;<\/p>\n","protected":false},"author":2,"featured_media":6132,"comment_status":"open","ping_status":"open","sticky":false,"template":"","format":"standard","meta":{"footnotes":""},"categories":[18],"tags":[],"class_list":["post-6131","post","type-post","status-publish","format-standard","has-post-thumbnail","hentry","category-actualites"],"_links":{"self":[{"href":"https:\/\/ladepeche.mr\/index.php?rest_route=\/wp\/v2\/posts\/6131","targetHints":{"allow":["GET"]}}],"collection":[{"href":"https:\/\/ladepeche.mr\/index.php?rest_route=\/wp\/v2\/posts"}],"about":[{"href":"https:\/\/ladepeche.mr\/index.php?rest_route=\/wp\/v2\/types\/post"}],"author":[{"embeddable":true,"href":"https:\/\/ladepeche.mr\/index.php?rest_route=\/wp\/v2\/users\/2"}],"replies":[{"embeddable":true,"href":"https:\/\/ladepeche.mr\/index.php?rest_route=%2Fwp%2Fv2%2Fcomments&post=6131"}],"version-history":[{"count":4,"href":"https:\/\/ladepeche.mr\/index.php?rest_route=\/wp\/v2\/posts\/6131\/revisions"}],"predecessor-version":[{"id":6136,"href":"https:\/\/ladepeche.mr\/index.php?rest_route=\/wp\/v2\/posts\/6131\/revisions\/6136"}],"wp:featuredmedia":[{"embeddable":true,"href":"https:\/\/ladepeche.mr\/index.php?rest_route=\/wp\/v2\/media\/6132"}],"wp:attachment":[{"href":"https:\/\/ladepeche.mr\/index.php?rest_route=%2Fwp%2Fv2%2Fmedia&parent=6131"}],"wp:term":[{"taxonomy":"category","embeddable":true,"href":"https:\/\/ladepeche.mr\/index.php?rest_route=%2Fwp%2Fv2%2Fcategories&post=6131"},{"taxonomy":"post_tag","embeddable":true,"href":"https:\/\/ladepeche.mr\/index.php?rest_route=%2Fwp%2Fv2%2Ftags&post=6131"}],"curies":[{"name":"wp","href":"https:\/\/api.w.org\/{rel}","templated":true}]}}