{"id":6138,"date":"2023-06-19T21:45:00","date_gmt":"2023-06-19T21:45:00","guid":{"rendered":"https:\/\/ladepeche.mr\/?p=6138"},"modified":"2023-06-19T21:45:56","modified_gmt":"2023-06-19T21:45:56","slug":"communique-de-presse-lancement-du-projet-rimedis","status":"publish","type":"post","link":"https:\/\/ladepeche.mr\/?p=6138","title":{"rendered":"Communiqu\u00e9 de presse: Lancement du projet RIM\u00e9di@s"},"content":{"rendered":"<p>Port\u00e9 par l\u2019ambassade de France en Mauritanie, en partenariat avec la plateforme M\u00e9dias &#038; D\u00e9mocratie (M&#038;D), l\u2019Ecole publique de journalisme de Tours (EPJT) et la Haute autorit\u00e9 de la presse et de l\u2019audiovisuel (HAPA), le projet RIM\u00e9di@s vise \u00e0 appuyer les acteurs et les actrices de l\u2019information en Mauritanie.<br \/>\nIl s\u2019organise autour de 4 composantes principales visant la formation de journalistes mauritaniens (1), l\u2019appui aux m\u00e9dias (2), le renforcement des capacit\u00e9s de gouvernance et de r\u00e9gulation des acteurs de l\u2019information (3), et l\u2019\u00e9ducation aux m\u00e9dias et \u00e0 l\u2019information (4).<br \/>\n\u00c0 travers ces composantes, RIM\u00e9di@s cible des publics vari\u00e9s que sont les journalistes, les m\u00e9dias, les r\u00e9gulateurs de l\u2019information, mais aussi les acteurs non professionnels de l\u2019information, comme les influenceurs et les blogueurs, ainsi que les organisations de la soci\u00e9t\u00e9 civile, les coll\u00e9giens et les lyc\u00e9ens, qui sont aujourd\u2019hui de v\u00e9ritables \u00ab vigies de l\u2019information \u00bb.<br \/>\nPar ailleurs, le projet est dot\u00e9 d\u2019une strat\u00e9gie qui a pour objectif la f\u00e9minisation des m\u00e9tiers et des contenus de l\u2019information. De fa\u00e7on transversale \u00e9galement, ce projet vise la lutte contre la d\u00e9sinformation et la promotion du journalisme d\u2019investigation.<br \/>\nRIM\u00e9di@s s\u2019inscrit dans le sillon de l\u2019accord de coop\u00e9ration sign\u00e9 en avril 2023 entre la Haute autorit\u00e9 de la presse et de l\u2019audiovisuel (HAPA) et son homologue fran\u00e7aise, l\u2019Autorit\u00e9 de r\u00e9gulation de la communication audiovisuelle et num\u00e9rique (ARCOM), qui permettra des \u00e9changes d\u2019exp\u00e9rience et d\u2019expertise en mati\u00e8re de r\u00e9gulation entre les deux institutions.<br \/>\nLa plateforme M\u00e9dias &#038; D\u00e9mocratie et l\u2019Ecole publique de journalisme de Tours mettront leur expertise \u00e0 disposition des journalistes et des m\u00e9dias. Elles proposeront notamment des formations intensives pour les journalistes mauritaniens, \u00e0 Nouakchott et \u00e0 Marseille, et des programmes d\u2019accompagnement \u00e0 la cr\u00e9ation de m\u00e9dias num\u00e9riques innovants et de cellules de v\u00e9rification de l\u2019information (fact-checking) au sein de m\u00e9dias mauritaniens.<br \/>\nSource:<br \/>\nAmbassade de France en Mauritanie<br \/>\nService de presse et de communication<\/p>\n","protected":false},"excerpt":{"rendered":"<p>Port\u00e9 par l\u2019ambassade de France en Mauritanie, en partenariat avec la plateforme M\u00e9dias &#038; D\u00e9mocratie (M&#038;D), l\u2019Ecole publique de journalisme de Tours (EPJT) et la Haute autorit\u00e9 de la presse et de l\u2019audiovisuel (HAPA), le projet RIM\u00e9di@s vise \u00e0 appuyer les acteurs et les actrices de l\u2019information en Mauritanie. Il s\u2019organise autour de 4 composantes &hellip;<\/p>\n","protected":false},"author":2,"featured_media":5075,"comment_status":"open","ping_status":"open","sticky":false,"template":"","format":"standard","meta":{"footnotes":""},"categories":[18,19],"tags":[],"class_list":["post-6138","post","type-post","status-publish","format-standard","has-post-thumbnail","hentry","category-actualites","category-tribune"],"_links":{"self":[{"href":"https:\/\/ladepeche.mr\/index.php?rest_route=\/wp\/v2\/posts\/6138","targetHints":{"allow":["GET"]}}],"collection":[{"href":"https:\/\/ladepeche.mr\/index.php?rest_route=\/wp\/v2\/posts"}],"about":[{"href":"https:\/\/ladepeche.mr\/index.php?rest_route=\/wp\/v2\/types\/post"}],"author":[{"embeddable":true,"href":"https:\/\/ladepeche.mr\/index.php?rest_route=\/wp\/v2\/users\/2"}],"replies":[{"embeddable":true,"href":"https:\/\/ladepeche.mr\/index.php?rest_route=%2Fwp%2Fv2%2Fcomments&post=6138"}],"version-history":[{"count":1,"href":"https:\/\/ladepeche.mr\/index.php?rest_route=\/wp\/v2\/posts\/6138\/revisions"}],"predecessor-version":[{"id":6140,"href":"https:\/\/ladepeche.mr\/index.php?rest_route=\/wp\/v2\/posts\/6138\/revisions\/6140"}],"wp:featuredmedia":[{"embeddable":true,"href":"https:\/\/ladepeche.mr\/index.php?rest_route=\/wp\/v2\/media\/5075"}],"wp:attachment":[{"href":"https:\/\/ladepeche.mr\/index.php?rest_route=%2Fwp%2Fv2%2Fmedia&parent=6138"}],"wp:term":[{"taxonomy":"category","embeddable":true,"href":"https:\/\/ladepeche.mr\/index.php?rest_route=%2Fwp%2Fv2%2Fcategories&post=6138"},{"taxonomy":"post_tag","embeddable":true,"href":"https:\/\/ladepeche.mr\/index.php?rest_route=%2Fwp%2Fv2%2Ftags&post=6138"}],"curies":[{"name":"wp","href":"https:\/\/api.w.org\/{rel}","templated":true}]}}