{"id":6141,"date":"2023-06-19T22:10:31","date_gmt":"2023-06-19T22:10:31","guid":{"rendered":"https:\/\/ladepeche.mr\/?p=6141"},"modified":"2023-06-19T22:10:31","modified_gmt":"2023-06-19T22:10:31","slug":"ouganda-vive-emotion-apres-une-attaque-terroriste-ayant-cause-plus-de-40-morts-dans-un-lycee","status":"publish","type":"post","link":"https:\/\/ladepeche.mr\/?p=6141","title":{"rendered":"Ouganda : vive \u00e9motion apr\u00e8s une attaque terroriste ayant caus\u00e9 plus de 40 morts dans un lyc\u00e9e"},"content":{"rendered":"<p>Des hommes arm\u00e9s ont pris d\u2019assaut le lyc\u00e9e Lhubiriha en Ouganda, \u00e0 moins de 2 km de la fronti\u00e8re avec la RD Congo. L\u2019attaque a \u00e9t\u00e9 attribu\u00e9e au groupe ADF, qui a pour habitude de mener des raids meurtriers de l\u2019autre c\u00f4t\u00e9 de la fronti\u00e8re.<\/p>\n<p>Plus de 40 personnes ont \u00e9t\u00e9 tu\u00e9es \u00e0 la suite d\u2019une attaque visant le lyc\u00e9e Lhubiriha \u00e0 l\u2019ouest de l\u2019Ouganda, dans la nuit du vendredi 16 au samedi 17 juin 2023. D\u2019apr\u00e8s l\u2019arm\u00e9e ougandaise, elle aurait \u00e9t\u00e9 perp\u00e9tr\u00e9e par les forces d\u00e9mocratiques alli\u00e9es (ADF), un ancien groupe rebelle d\u00e9sormais cat\u00e9goris\u00e9 comme organisation terroriste.<\/p>\n<p>Selon les premi\u00e8res informations disponibles, les assaillants auraient incendi\u00e9 un dortoir du lyc\u00e9e situ\u00e9 non loin de la fronti\u00e8re avec la RDC, et ont \u00e9galement pill\u00e9 un magasin de vivres. Ils auraient tir\u00e9 \u00e0 travers les fen\u00eatres, tuant 39 lyc\u00e9ens et deux autres personnes, selon un bilan provisoire. 6 personnes ont \u00e9galement \u00e9t\u00e9 enlev\u00e9es par le groupe qui a fui en direction du parc congolais de la Virunga. <\/p>\n<p>Cette attaque, une des plus meurtri\u00e8res pr\u00e9sum\u00e9ment men\u00e9e par les ADF en territoire ougandais, a suscit\u00e9 une grande \u00e9motion au sein de la population locale et de la communaut\u00e9 internationale. Le secr\u00e9taire g\u00e9n\u00e9ral de l&#8217;ONU, Antonio Guterres, a condamn\u00e9 \u00ab avec force \u00bb l&#8217;attaque et appel\u00e9 \u00e0 la \u00ab lib\u00e9ration imm\u00e9diate \u00bb des personnes enlev\u00e9es, alors que la France a condamn\u00e9 \u00ab avec la plus grande fermet\u00e9 l&#8217;attaque abominable \u00bb. De leur c\u00f4t\u00e9, les USA se sont dits \u00ab constern\u00e9s \u00bb par le drame. <\/p>\n<p>Pour rappel, les combattants ADF d\u2019origine ougandaise sont essentiellement pr\u00e9sents dans l\u2019est de la RDC depuis de nombreuses ann\u00e9es. Selon l\u2019ONU, sous la direction de leur chef Seka Musa Baluku, ils ont tu\u00e9 plus de 849 civils dans l\u2019Ituri rien qu&#8217;en 2020. Apr\u00e8s avoir pr\u00eat\u00e9 all\u00e9geance \u00e0 l\u2019EI, puis chang\u00e9 son nom en Madina at Tauheed Wau Mujahedeen, le groupe a men\u00e9 une attaque en avril 2019 contre une caserne des forces arm\u00e9es de la RDC et de la Monusco, revendiqu\u00e9e pour la 1\u00e8re fois par Daesh.<br \/>\nhttps:\/\/www.agenceecofin.com\/securite\/1906-109402-ouganda-vive-emotion-apres-une-attaque-terroriste-ayant-cause-plus-de-40-morts-dans-un-lycee<\/p>\n","protected":false},"excerpt":{"rendered":"<p>Des hommes arm\u00e9s ont pris d\u2019assaut le lyc\u00e9e Lhubiriha en Ouganda, \u00e0 moins de 2 km de la fronti\u00e8re avec la RD Congo. L\u2019attaque a \u00e9t\u00e9 attribu\u00e9e au groupe ADF, qui a pour habitude de mener des raids meurtriers de l\u2019autre c\u00f4t\u00e9 de la fronti\u00e8re. Plus de 40 personnes ont \u00e9t\u00e9 tu\u00e9es \u00e0 la suite &hellip;<\/p>\n","protected":false},"author":2,"featured_media":6142,"comment_status":"open","ping_status":"open","sticky":false,"template":"","format":"standard","meta":{"footnotes":""},"categories":[18,29],"tags":[],"class_list":["post-6141","post","type-post","status-publish","format-standard","has-post-thumbnail","hentry","category-actualites","category-monde"],"_links":{"self":[{"href":"https:\/\/ladepeche.mr\/index.php?rest_route=\/wp\/v2\/posts\/6141","targetHints":{"allow":["GET"]}}],"collection":[{"href":"https:\/\/ladepeche.mr\/index.php?rest_route=\/wp\/v2\/posts"}],"about":[{"href":"https:\/\/ladepeche.mr\/index.php?rest_route=\/wp\/v2\/types\/post"}],"author":[{"embeddable":true,"href":"https:\/\/ladepeche.mr\/index.php?rest_route=\/wp\/v2\/users\/2"}],"replies":[{"embeddable":true,"href":"https:\/\/ladepeche.mr\/index.php?rest_route=%2Fwp%2Fv2%2Fcomments&post=6141"}],"version-history":[{"count":1,"href":"https:\/\/ladepeche.mr\/index.php?rest_route=\/wp\/v2\/posts\/6141\/revisions"}],"predecessor-version":[{"id":6143,"href":"https:\/\/ladepeche.mr\/index.php?rest_route=\/wp\/v2\/posts\/6141\/revisions\/6143"}],"wp:featuredmedia":[{"embeddable":true,"href":"https:\/\/ladepeche.mr\/index.php?rest_route=\/wp\/v2\/media\/6142"}],"wp:attachment":[{"href":"https:\/\/ladepeche.mr\/index.php?rest_route=%2Fwp%2Fv2%2Fmedia&parent=6141"}],"wp:term":[{"taxonomy":"category","embeddable":true,"href":"https:\/\/ladepeche.mr\/index.php?rest_route=%2Fwp%2Fv2%2Fcategories&post=6141"},{"taxonomy":"post_tag","embeddable":true,"href":"https:\/\/ladepeche.mr\/index.php?rest_route=%2Fwp%2Fv2%2Ftags&post=6141"}],"curies":[{"name":"wp","href":"https:\/\/api.w.org\/{rel}","templated":true}]}}