{"id":6149,"date":"2023-06-20T09:27:50","date_gmt":"2023-06-20T09:27:50","guid":{"rendered":"https:\/\/ladepeche.mr\/?p=6149"},"modified":"2023-06-20T09:30:07","modified_gmt":"2023-06-20T09:30:07","slug":"droits-de-lhomme-en-mauritanie-le-haut-commissaire-aux-droits-de-lhomme-emboite-le-pas-aux-americains","status":"publish","type":"post","link":"https:\/\/ladepeche.mr\/?p=6149","title":{"rendered":"Droits de l\u2019Homme en Mauritanie : Le Haut-Commissaire aux droits de l\u2019Homme emboite le pas aux am\u00e9ricains"},"content":{"rendered":"<p>Longtemps point\u00e9e du doigt, la Mauritanie semble connaitre une p\u00e9riode de gr\u00e2ce pour son respect des droits de l\u2019Homme. L\u2019\u00e9tau se desserre pour encourager les efforts d\u00e9ploy\u00e9s par le gouvernement.<\/p>\n<p>Apr\u00e8s le rapport Us sur la traite des personnes qui desserre l\u2019\u00e9tau am\u00e9ricain sur des relations normalis\u00e9es avec le pays et une reconnaissance des efforts accomplis, c\u2019est aujourd\u2019hui autour du Haut-commissaire aux droits de l\u2019homme, Volker T\u00fcrk, de leur emboiter le pas pour saluer la transparence que les autorit\u00e9s impriment \u00e0 ce dossier. Les vertus de la transparence payent. La fuite en avant n\u2019a d\u2019ailleurs jamais fait que renforcer la suspicion et confort\u00e9 les th\u00e8ses des activistes qui surfent sur ces questions soci\u00e9tales. Le courage et l\u2019action men\u00e9es par l\u2019actuel gouvernement, aid\u00e9 par des institutions mises en place \u00e0 l\u2019effet de lutter contre les r\u00e9miniscences des tares sociales, convainc les partenaires du s\u00e9rieux des politiques d\u2019\u00e9mancipation et de respect des droits de l\u2019homme. Souvent englu\u00e9e et mise aux bancs des accus\u00e9s sur le registre des droits de l\u2019homme, la Mauritanie sort de cet engrenage avec tact. Elle a surtout gagn\u00e9 en cr\u00e9dibilit\u00e9 pour assumer son choix d\u2019\u00e9galit\u00e9 et de reconnaissance des droits de l\u2019homme.<br \/>\nEn effet, la d\u00e9cision am\u00e9ricaine, tomb\u00e9e dans son dernier rapport (15 juin 2023) sur la traite des personnes hisse le pays dans son classement au deuxi\u00e8me niveau (Tier 2), sur l&#8217;indice de la traite des personnes. Un \u00ab nouveau \u00bb statut qui d\u2019abord met fin \u00e0 des clich\u00e9s, reconnait les efforts d\u00e9ploy\u00e9s par le pays mais aussi lui ouvre grande la porte aux \u00e9changes \u00e9conomiques et au b\u00e9n\u00e9fice de la coop\u00e9ration avec la plus grande puissance du monde. <\/p>\n<blockquote class=\"wp-embedded-content\" data-secret=\"o6g668sIUB\"><p><a href=\"https:\/\/ladepeche.mr\/?p=6060\">Urgent- Rapport Us sur la traite des personnes : Nouveau regard des Usa sur les droits de l\u2019Homme en Mauritanie<\/a><\/p><\/blockquote>\n<p><iframe loading=\"lazy\" class=\"wp-embedded-content\" sandbox=\"allow-scripts\" security=\"restricted\" style=\"position: absolute; clip: rect(1px, 1px, 1px, 1px);\" title=\"&#8220;Urgent- Rapport Us sur la traite des personnes : Nouveau regard des Usa sur les droits de l\u2019Homme en Mauritanie&#8221; &#8212; La D\u00e9p\u00eache  de Mauritanie et du Sahel\" src=\"https:\/\/ladepeche.mr\/?p=6060&#038;embed=true#?secret=0tiVNpCmvt#?secret=o6g668sIUB\" data-secret=\"o6g668sIUB\" width=\"500\" height=\"282\" frameborder=\"0\" marginwidth=\"0\" marginheight=\"0\" scrolling=\"no\"><\/iframe><br \/>\nCe m\u00eame \u00e9tat d\u2019esprit anime et salue les efforts de notre pays dans le domaine de la promotion et de la protection des droits de l\u2019homme et la transparence \u00e9rig\u00e9e par les autorit\u00e9s mauritaniennes dans la gestion du dossier des droits de l\u2019homme. Il est mis en valeur, quatre jours plus tard, le 19 juin 2023, devant la 53e session du Conseil des Droits de l\u2019Homme pour l\u2019ann\u00e9e 2023, tenue \u00e0 Gen\u00e8ve, par Volker T\u00fcrk, Haut-commissaire aux droits de l\u2019homme, dans son rapport annuel sur les droits de l\u2019homme dans le monde,<br \/>\nLe Haut-commissaire des droits de l\u2019homme rassure sur l\u2019attitude et la transparence des autorit\u00e9s mauritaniennes qui auraient favoris\u00e9 le d\u00e9roulement d\u2019enqu\u00eates ind\u00e9pendantes et l\u2019acc\u00e8s \u00e0 tous les centres de d\u00e9tention pour s\u2019informer de visu de la situation des droits de l\u2019homme dans le pays.<br \/>\nLe Haut-Commissaire a encore indiqu\u00e9 que les juridictions mauritaniennes ont trait\u00e9 dans le cadre de la lutte contre l\u2019esclavage de 38 cas d\u2019esclavage pr\u00e9sum\u00e9 et rendu les arr\u00eats \u00e0 leur sujet. Le Haut-commissaire a en outre r\u00e9v\u00e9l\u00e9 que son organisation, en collaboration avec le gouvernement, travaille de concert pour mettre fin \u00e0 la discrimination, notamment l\u2019esclavage et \u00e0 consolider les droits de la femme, la fille et l\u2019\u00e9tat de droit.<\/p>\n","protected":false},"excerpt":{"rendered":"<p>Longtemps point\u00e9e du doigt, la Mauritanie semble connaitre une p\u00e9riode de gr\u00e2ce pour son respect des droits de l\u2019Homme. L\u2019\u00e9tau se desserre pour encourager les efforts d\u00e9ploy\u00e9s par le gouvernement. Apr\u00e8s le rapport Us sur la traite des personnes qui desserre l\u2019\u00e9tau am\u00e9ricain sur des relations normalis\u00e9es avec le pays et une reconnaissance des efforts &hellip;<\/p>\n","protected":false},"author":2,"featured_media":6150,"comment_status":"open","ping_status":"open","sticky":false,"template":"","format":"standard","meta":{"footnotes":""},"categories":[18,29],"tags":[],"class_list":["post-6149","post","type-post","status-publish","format-standard","has-post-thumbnail","hentry","category-actualites","category-monde"],"_links":{"self":[{"href":"https:\/\/ladepeche.mr\/index.php?rest_route=\/wp\/v2\/posts\/6149","targetHints":{"allow":["GET"]}}],"collection":[{"href":"https:\/\/ladepeche.mr\/index.php?rest_route=\/wp\/v2\/posts"}],"about":[{"href":"https:\/\/ladepeche.mr\/index.php?rest_route=\/wp\/v2\/types\/post"}],"author":[{"embeddable":true,"href":"https:\/\/ladepeche.mr\/index.php?rest_route=\/wp\/v2\/users\/2"}],"replies":[{"embeddable":true,"href":"https:\/\/ladepeche.mr\/index.php?rest_route=%2Fwp%2Fv2%2Fcomments&post=6149"}],"version-history":[{"count":2,"href":"https:\/\/ladepeche.mr\/index.php?rest_route=\/wp\/v2\/posts\/6149\/revisions"}],"predecessor-version":[{"id":6152,"href":"https:\/\/ladepeche.mr\/index.php?rest_route=\/wp\/v2\/posts\/6149\/revisions\/6152"}],"wp:featuredmedia":[{"embeddable":true,"href":"https:\/\/ladepeche.mr\/index.php?rest_route=\/wp\/v2\/media\/6150"}],"wp:attachment":[{"href":"https:\/\/ladepeche.mr\/index.php?rest_route=%2Fwp%2Fv2%2Fmedia&parent=6149"}],"wp:term":[{"taxonomy":"category","embeddable":true,"href":"https:\/\/ladepeche.mr\/index.php?rest_route=%2Fwp%2Fv2%2Fcategories&post=6149"},{"taxonomy":"post_tag","embeddable":true,"href":"https:\/\/ladepeche.mr\/index.php?rest_route=%2Fwp%2Fv2%2Ftags&post=6149"}],"curies":[{"name":"wp","href":"https:\/\/api.w.org\/{rel}","templated":true}]}}