{"id":6179,"date":"2023-06-22T15:05:29","date_gmt":"2023-06-22T15:05:29","guid":{"rendered":"https:\/\/ladepeche.mr\/?p=6179"},"modified":"2023-06-22T15:05:29","modified_gmt":"2023-06-22T15:05:29","slug":"transition-alassane-ouattara-rappelle-la-necessite-dorganiser-des-elections-au-mali-burkina-faso-et-en-guinee-dans-les-delais-requis","status":"publish","type":"post","link":"https:\/\/ladepeche.mr\/?p=6179","title":{"rendered":"Transition : Alassane Ouattara rappelle la n\u00e9cessit\u00e9 d\u2019organiser des \u00e9lections au Mali, Burkina Faso et en Guin\u00e9e dans les d\u00e9lais requis"},"content":{"rendered":"<p>Le mardi 20 juin 2023, le Pr\u00e9sident ivoirien Alassane Ouattara a re\u00e7u  \u00e0 Abidjan, le nouveau Repr\u00e9sentant sp\u00e9cial du Secr\u00e9taire g\u00e9n\u00e9ral des Nations unies pour l\u2019Afrique de l\u2019Ouest et le Sahel, Leonardo Santos Sim\u00e3o. Au cours de cette audience, ils ont \u00e9voqu\u00e9 la situation politique dans la sous-r\u00e9gion et au Sahel.<\/p>\n<p>Dans un communiqu\u00e9, la pr\u00e9sidence ivoirienne a indiqu\u00e9 que les \u00e9changes ont port\u00e9 sur les pr\u00e9occupations de la C\u00f4te d\u2019Ivoire et de la sous-r\u00e9gion sur la situation dans les pays sous r\u00e9gime de Transition : la Guin\u00e9e, le Burkina Faso et le Mali, dans lesquels des d\u00e9lais ont \u00e9t\u00e9 propos\u00e9s pour un retour \u00e0 l\u2019ordre constitutionnel.<\/p>\n<p>Pour le Pr\u00e9sident Ouattara, cela est \u00abun imp\u00e9ratif pour toute l\u2019Afrique de l\u2019Ouest, en particulier pour la C\u00f4te d\u2019Ivoire, pays voisin \u00e0 ces trois nations\u00bb, et qui y a soutenu tous les efforts de sortie de crise. Outre ces trois r\u00e9gimes transitionnels, des \u00e9lections se tiendront \u00e9galement cette ann\u00e9e ou au cours de l\u2019ann\u00e9e prochaine, dans plusieurs autres pays de la sous-r\u00e9gion. C\u2019est dans ce contexte que le num\u00e9ro 1 ivoirien a confi\u00e9 que le prochain sommet de la CEDEAO se penchera de nouveau sur la tenue des scrutins devant marquer la fin des transitions en Afrique de l\u2019Ouest. Du reste, les situations politiques des trois pays dirig\u00e9s par des militaires seront au c\u0153ur des priorit\u00e9s au sommet de l\u2019organisation sous-r\u00e9gionale, le 9 juillet 2023 en Guin\u00e9e-Bissau, \u00e0 en croire le communiqu\u00e9 de la pr\u00e9sidence ivoirienne. \u00abLa tenue des \u00e9lections dans les d\u00e9lais propos\u00e9s est souhait\u00e9e, afin que ces pays disposent des r\u00e9gimes et des dirigeants d\u00e9mocratiquement \u00e9lus\u00bb, poursuit le m\u00eame document publi\u00e9 apr\u00e8s l\u2019entretien entre le chef de l\u2019\u00c9tat et le diplomate onusien.<\/p>\n<p>Le Mali, la Guin\u00e9e et le Burkina Faso ont \u00e9t\u00e9 suspendus des organes d\u00e9cisionnels de la CEDEAO apr\u00e8s les prises de pouvoir par des militaires respectivement en 2020, 2021 et 2022.<br \/>\n Au Mali et au Burkina Faso, les autorit\u00e9s se sont engag\u00e9es pour un retour \u00e0 l\u2019ordre constitutionnel en 2024 tandis qu\u2019en Guin\u00e9e, les tenants du pouvoir ont promis de se retirer en d\u00e9but 2025. Les trois pays avaient demand\u00e9, en vain, le 10 f\u00e9vrier, la lev\u00e9e de leur suspension de la CEDEAO et de l\u2019Union africaine (UA). Pour sa part, Leonardo Santos Sim\u00e3o a fait part de son engagement \u00e0 travailler pour la paix, la stabilit\u00e9 et le d\u00e9veloppement de la sous-r\u00e9gion et du Sahel. Il a salu\u00e9 la tenue d\u2019\u00e9lections au Nigeria et en Guin\u00e9e-Bissau. Toutefois, il a reconnu que de nombreux d\u00e9fis restent encore \u00e0 relever, tout en restant \u00abconvaincu qu\u2019avec le soutien de la Communaut\u00e9 internationale, des succ\u00e8s seront enregistr\u00e9s\u00bb.<\/p>\n<blockquote class=\"wp-embedded-content\" data-secret=\"ifqzgpJDYQ\"><p><a href=\"https:\/\/afrimag.net\/transition-alassane-ouattara-rappelle-la-necessite-dorganiser-des-elections-au-mali-burkina-faso-et-en-guinee-dans-les-delais-requis\/\">Transition : Alassane Ouattara rappelle la n\u00e9cessit\u00e9 d\u2019organiser des \u00e9lections au Mali, Burkina Faso et en Guin\u00e9e dans les d\u00e9lais requis<\/a><\/p><\/blockquote>\n<p><iframe loading=\"lazy\" class=\"wp-embedded-content\" sandbox=\"allow-scripts\" security=\"restricted\" style=\"position: absolute; clip: rect(1px, 1px, 1px, 1px);\" title=\"\u00ab\u00a0Transition : Alassane Ouattara rappelle la n\u00e9cessit\u00e9 d\u2019organiser des \u00e9lections au Mali, Burkina Faso et en Guin\u00e9e dans les d\u00e9lais requis\u00a0\u00bb &#8212; Afrimag\" src=\"https:\/\/afrimag.net\/transition-alassane-ouattara-rappelle-la-necessite-dorganiser-des-elections-au-mali-burkina-faso-et-en-guinee-dans-les-delais-requis\/embed\/#?secret=hykFRb8Pqb#?secret=ifqzgpJDYQ\" data-secret=\"ifqzgpJDYQ\" width=\"500\" height=\"282\" frameborder=\"0\" marginwidth=\"0\" marginheight=\"0\" scrolling=\"no\"><\/iframe><\/p>\n","protected":false},"excerpt":{"rendered":"<p>Le mardi 20 juin 2023, le Pr\u00e9sident ivoirien Alassane Ouattara a re\u00e7u \u00e0 Abidjan, le nouveau Repr\u00e9sentant sp\u00e9cial du Secr\u00e9taire g\u00e9n\u00e9ral des Nations unies pour l\u2019Afrique de l\u2019Ouest et le Sahel, Leonardo Santos Sim\u00e3o. Au cours de cette audience, ils ont \u00e9voqu\u00e9 la situation politique dans la sous-r\u00e9gion et au Sahel. Dans un communiqu\u00e9, la &hellip;<\/p>\n","protected":false},"author":2,"featured_media":6180,"comment_status":"open","ping_status":"open","sticky":false,"template":"","format":"standard","meta":{"footnotes":""},"categories":[18,29,28],"tags":[],"class_list":["post-6179","post","type-post","status-publish","format-standard","has-post-thumbnail","hentry","category-actualites","category-monde","category-sahel"],"_links":{"self":[{"href":"https:\/\/ladepeche.mr\/index.php?rest_route=\/wp\/v2\/posts\/6179","targetHints":{"allow":["GET"]}}],"collection":[{"href":"https:\/\/ladepeche.mr\/index.php?rest_route=\/wp\/v2\/posts"}],"about":[{"href":"https:\/\/ladepeche.mr\/index.php?rest_route=\/wp\/v2\/types\/post"}],"author":[{"embeddable":true,"href":"https:\/\/ladepeche.mr\/index.php?rest_route=\/wp\/v2\/users\/2"}],"replies":[{"embeddable":true,"href":"https:\/\/ladepeche.mr\/index.php?rest_route=%2Fwp%2Fv2%2Fcomments&post=6179"}],"version-history":[{"count":2,"href":"https:\/\/ladepeche.mr\/index.php?rest_route=\/wp\/v2\/posts\/6179\/revisions"}],"predecessor-version":[{"id":6182,"href":"https:\/\/ladepeche.mr\/index.php?rest_route=\/wp\/v2\/posts\/6179\/revisions\/6182"}],"wp:featuredmedia":[{"embeddable":true,"href":"https:\/\/ladepeche.mr\/index.php?rest_route=\/wp\/v2\/media\/6180"}],"wp:attachment":[{"href":"https:\/\/ladepeche.mr\/index.php?rest_route=%2Fwp%2Fv2%2Fmedia&parent=6179"}],"wp:term":[{"taxonomy":"category","embeddable":true,"href":"https:\/\/ladepeche.mr\/index.php?rest_route=%2Fwp%2Fv2%2Fcategories&post=6179"},{"taxonomy":"post_tag","embeddable":true,"href":"https:\/\/ladepeche.mr\/index.php?rest_route=%2Fwp%2Fv2%2Ftags&post=6179"}],"curies":[{"name":"wp","href":"https:\/\/api.w.org\/{rel}","templated":true}]}}