{"id":6216,"date":"2023-06-24T12:04:11","date_gmt":"2023-06-24T12:04:11","guid":{"rendered":"https:\/\/ladepeche.mr\/?p=6216"},"modified":"2023-06-24T12:04:11","modified_gmt":"2023-06-24T12:04:11","slug":"mali-38-de-taux-de-participation-pour-un-referendum-qui-peine-encore-a-federer-bilan-provisoire","status":"publish","type":"post","link":"https:\/\/ladepeche.mr\/?p=6216","title":{"rendered":"Mali : 38% de taux de participation pour un r\u00e9f\u00e9rendum qui peine encore \u00e0 f\u00e9d\u00e9rer (Bilan provisoire)"},"content":{"rendered":"<p> Le 18 juin, les Maliens \u00e9taient appel\u00e9s \u00e0 voter pour ou contre le projet de nouvelle constitution du gouvernement de transition. Alors qu\u2019une mission d\u2019observation \u00e9lectorale avait annonc\u00e9 un taux de participation de 28%, l\u2019Autorit\u00e9 de gestion des \u00e9lections parle d\u2019un taux sup\u00e9rieur de 10 points.<\/p>\n<p>38%. C\u2019est le taux de participation au r\u00e9f\u00e9rendum sur la nouvelle constitution au Mali, selon les chiffres annonc\u00e9s par l\u2019Autorit\u00e9 ind\u00e9pendante de gestion des \u00e9lections (AIGE).<\/p>\n<p>Ce bilan provisoire comptabilise \u00e0 la fois le taux de participation sur le territoire national et \u00e0 l\u2019\u00e9tranger. Bien que les r\u00e9sultats soient encore attendus, ce taux de participation qui ne prend pas encore en compte le vote anticip\u00e9 des forces de s\u00e9curit\u00e9 est d\u00e9j\u00e0 sup\u00e9rieur de 10 points aux 28% annonc\u00e9s par la Mission d\u2019observation \u00e9lectorale.<\/p>\n<p>Marqu\u00e9 par une crise s\u00e9curitaire majeure aliment\u00e9e par les groupes terroristes qui m\u00e8nent des attaques contre l\u2019arm\u00e9e et les civils, le Mali est depuis longtemps divis\u00e9 entre les zones contr\u00f4l\u00e9es par le gouvernement, celles contr\u00f4l\u00e9es par les groupes arm\u00e9s qui revendiquent une autonomie et les organisations terroristes. Malgr\u00e9 les multiples op\u00e9rations lanc\u00e9es par le pouvoir depuis l\u2019arriv\u00e9e du colonel Assimi Go\u00efta \u00e0 la t\u00eate du pays, une partie du vaste territoire malien \u00e9chappe encore au contr\u00f4le de l\u2019Etat.<\/p>\n<p>D\u2019apr\u00e8s plusieurs organisations oppos\u00e9es au r\u00e9f\u00e9rendum qui s\u2019est tenu le 18 juin dernier, de nombreuses irr\u00e9gularit\u00e9s auraient d\u00e9j\u00e0 entach\u00e9 la validit\u00e9 du scrutin. \u00ab On a constat\u00e9 qu&#8217;il y a beaucoup d&#8217;endroits o\u00f9 les gens n&#8217;ont pas pu aller voter, et on a constat\u00e9 des fraudes massives. Par exemple, l\u00e0 o\u00f9 il y a des d\u00e9plac\u00e9s, dans le Nord et dans la r\u00e9gion de Mopti, les gens ne sont pas pr\u00e9sents, mais on a des vid\u00e9os o\u00f9 l&#8217;on voit des gens \u00e9marger \u00e0 la place des autres. Au-del\u00e0 de tout cela, lors du vote des militaires qui s&#8217;est pass\u00e9 par anticipation, il n&#8217;y avait pas de liste \u00e9lectorale, il n&#8217;y avait pas de liste d&#8217;\u00e9margement, tu venais et tu votais comme bon te semble. \u00c7a d\u00e9cr\u00e9dibilise le scrutin. Les autorit\u00e9s doivent annuler purement et simplement cette \u00e9lection \u00bb soulignait au micro de Rfi, Youssouf Daba Diawara de la Coordination des mouvements, associations et sympathisants de l&#8217;imam Mahmoud Dicko (CMAS). Au sein du Front uni contre le r\u00e9f\u00e9rendum, ce mouvement avait milit\u00e9 pour voter contre l\u2019adoption de la nouvelle constitution malienne.<\/p>\n<p>De plus, des groupes arm\u00e9s signataires de l\u2019accord de paix de 2015 ont d\u00e9clar\u00e9 qu\u2019aucun vote n\u2019avait eu lieu dans les zones sous leur contr\u00f4le, notamment la r\u00e9gion de Kidal. Ces groupes avaient emp\u00each\u00e9 la tenue du scrutin, arguant qu\u2019il ne prenait pas assez en compte l\u2019accord de paix auquel ils \u00e9taient engag\u00e9s. Mais le 19 juin dernier, l\u2019AIGE avait r\u00e9affirm\u00e9 que le scrutin avait bien eu lieu dans la r\u00e9gion de Kidal.<\/p>\n<p>Pour rappel, entre 2020 et 2021, le Mali a subi deux coups d\u2019Etat qui ont abouti \u00e0 la prise de pouvoir du colonel Assimi Go\u00efta, lequel a promis d\u2019am\u00e9liorer la situation s\u00e9curitaire du pays. En plein bras de fer avec la communaut\u00e9 internationale, en raison de ses liens avec la Russie, le gouvernement de transition veut organiser des \u00e9lections d\u2019ici f\u00e9vrier 2024. <\/p>\n<p>Alors que le projet de nouvelle constitution semble repr\u00e9senter une nouvelle source de discorde, de nombreux observateurs craignent qu\u2019un passage en force de la nouvelle loi fondamentale ne cr\u00e9e de nouveaux conflits, dans un pays qui essaye d\u00e9j\u00e0 tant bien que mal de rester uni pour trouver une paix et une prosp\u00e9rit\u00e9 longtemps recherch\u00e9es.<\/p>\n<p>Moutiou Adjibi Nourou<br \/>\nhttps:\/\/www.agenceecofin.com\/politique\/2206-109596-mali-38-de-taux-de-participation-pour-un-referendum-qui-peine-encore-a-federer-bilan-provisoire<\/p>\n","protected":false},"excerpt":{"rendered":"<p>Le 18 juin, les Maliens \u00e9taient appel\u00e9s \u00e0 voter pour ou contre le projet de nouvelle constitution du gouvernement de transition. Alors qu\u2019une mission d\u2019observation \u00e9lectorale avait annonc\u00e9 un taux de participation de 28%, l\u2019Autorit\u00e9 de gestion des \u00e9lections parle d\u2019un taux sup\u00e9rieur de 10 points. 38%. C\u2019est le taux de participation au r\u00e9f\u00e9rendum sur &hellip;<\/p>\n","protected":false},"author":2,"featured_media":6217,"comment_status":"open","ping_status":"open","sticky":false,"template":"","format":"standard","meta":{"footnotes":""},"categories":[18,29,28],"tags":[],"class_list":["post-6216","post","type-post","status-publish","format-standard","has-post-thumbnail","hentry","category-actualites","category-monde","category-sahel"],"_links":{"self":[{"href":"https:\/\/ladepeche.mr\/index.php?rest_route=\/wp\/v2\/posts\/6216","targetHints":{"allow":["GET"]}}],"collection":[{"href":"https:\/\/ladepeche.mr\/index.php?rest_route=\/wp\/v2\/posts"}],"about":[{"href":"https:\/\/ladepeche.mr\/index.php?rest_route=\/wp\/v2\/types\/post"}],"author":[{"embeddable":true,"href":"https:\/\/ladepeche.mr\/index.php?rest_route=\/wp\/v2\/users\/2"}],"replies":[{"embeddable":true,"href":"https:\/\/ladepeche.mr\/index.php?rest_route=%2Fwp%2Fv2%2Fcomments&post=6216"}],"version-history":[{"count":1,"href":"https:\/\/ladepeche.mr\/index.php?rest_route=\/wp\/v2\/posts\/6216\/revisions"}],"predecessor-version":[{"id":6218,"href":"https:\/\/ladepeche.mr\/index.php?rest_route=\/wp\/v2\/posts\/6216\/revisions\/6218"}],"wp:featuredmedia":[{"embeddable":true,"href":"https:\/\/ladepeche.mr\/index.php?rest_route=\/wp\/v2\/media\/6217"}],"wp:attachment":[{"href":"https:\/\/ladepeche.mr\/index.php?rest_route=%2Fwp%2Fv2%2Fmedia&parent=6216"}],"wp:term":[{"taxonomy":"category","embeddable":true,"href":"https:\/\/ladepeche.mr\/index.php?rest_route=%2Fwp%2Fv2%2Fcategories&post=6216"},{"taxonomy":"post_tag","embeddable":true,"href":"https:\/\/ladepeche.mr\/index.php?rest_route=%2Fwp%2Fv2%2Ftags&post=6216"}],"curies":[{"name":"wp","href":"https:\/\/api.w.org\/{rel}","templated":true}]}}