{"id":6243,"date":"2023-06-27T13:50:33","date_gmt":"2023-06-27T13:50:33","guid":{"rendered":"https:\/\/ladepeche.mr\/?p=6243"},"modified":"2023-06-27T14:17:45","modified_gmt":"2023-06-27T14:17:45","slug":"can2023-lancien-coach-des-mourabitounes-leur-promet-des-miseres","status":"publish","type":"post","link":"https:\/\/ladepeche.mr\/?p=6243","title":{"rendered":"CAN2023 : L\u2019ancien coach des Mourabitounes leur promet des mis\u00e8res"},"content":{"rendered":"<p>Patrice Neveu, s\u00e9lectionneur actuel du Gabon, coach, \u00e0 l\u2019origine de l\u2019affirmation internationale du football mauritanien, au CHAN2014, limog\u00e9 en 2014 pour ses \u00ab mauvais \u00bb r\u00e9sultats en CAN, veut reprendre sa revanche sur la FFRIM en gagnant lors du prochain match Mauritanie-Gabon.<br \/>\nMalmen\u00e9 lors de sa derni\u00e8re sortie en \u00e9liminatoires de la CAN2023, sur son sol, (0-2) par les Panth\u00e8res de RDC, le Gabon est rel\u00e9gu\u00e9 avec 7 points, \u00e0 la troisi\u00e8me place du groupe 1.<br \/>\nL\u2019ex-s\u00e9lectionneur des Mourabitounes, Patrice Neveu, se veut revanchard et promet de faire des mis\u00e8res, en septembre prochain, aux Mourabitounes. Cette sixi\u00e8me journ\u00e9e des \u00e9liminatoires se r\u00e9v\u00e8lera fatidique pour nombre de calculs. \u00ab Je ne pense pas \u00e0 un \u00e9chec face \u00e0 la Mauritanie. \u00bb tente de se rassurer le coach fran\u00e7ais du Gabon. Une grande \u00e9quipe africaine avec dans ses rangs de tonitruants avant-centres comme P. Obemyang. Mais une attaque rest\u00e9e fam\u00e9lique sur trois derniers matches enregistrant un seul but.<br \/>\n P. Neveu sait que la Mauritanie lui est encore redevable de sa premi\u00e8re qualification \u00e0 des phases finales d\u2019une coupe continentale : le  CHAN2014. Les mauritaniens lui reconnaissent le travail accompli dans un environnement proche, \u00e0 l\u2019\u00e9poque, de l\u2019informel. Mais depuis la Mauritanie a \u00e9volu\u00e9 tant sur le plan des r\u00e9sultats que sur le plan de la gestion et de l\u2019organisation d\u2019un football moderne. L\u2019exp\u00e9rience a \u00e9t\u00e9 am\u00e9lior\u00e9e par la participation des internationaux qui \u00e9voluaient, pratiquement incognitos, dans des championnats d\u2019une certaine envergure notamment en Europe. Par les touches d\u2019autres entraineurs comme le fran\u00e7ais C. Martins. M\u00eame si rien n\u2019est gagn\u00e9 d\u2019avance, P. Neveu contest\u00e9 au Gabon, pour les r\u00e9sultats en demi-teinte de son \u00e9quipe, jouera son va-tout \u00e0 Nouakchott contre des Mourabitounes r\u00e9nov\u00e9s dont il ne reconnaitra que tr\u00e8s peu de son \u00e9poque. Il reconnaitra, peut-\u00eatre, la hargne qu\u2019ils mettront \u00e0 lui faire barrage comme au bon vieux temps lorsqu\u2019aux commandes, ils \u00e9cartaient de leur route l\u2019implacable \u00e9quipe du S\u00e9n\u00e9gal. <\/p>\n","protected":false},"excerpt":{"rendered":"<p>Patrice Neveu, s\u00e9lectionneur actuel du Gabon, coach, \u00e0 l\u2019origine de l\u2019affirmation internationale du football mauritanien, au CHAN2014, limog\u00e9 en 2014 pour ses \u00ab mauvais \u00bb r\u00e9sultats en CAN, veut reprendre sa revanche sur la FFRIM en gagnant lors du prochain match Mauritanie-Gabon. Malmen\u00e9 lors de sa derni\u00e8re sortie en \u00e9liminatoires de la CAN2023, sur son &hellip;<\/p>\n","protected":false},"author":2,"featured_media":6244,"comment_status":"open","ping_status":"open","sticky":false,"template":"","format":"standard","meta":{"footnotes":""},"categories":[18,17],"tags":[],"class_list":["post-6243","post","type-post","status-publish","format-standard","has-post-thumbnail","hentry","category-actualites","category-sports"],"_links":{"self":[{"href":"https:\/\/ladepeche.mr\/index.php?rest_route=\/wp\/v2\/posts\/6243","targetHints":{"allow":["GET"]}}],"collection":[{"href":"https:\/\/ladepeche.mr\/index.php?rest_route=\/wp\/v2\/posts"}],"about":[{"href":"https:\/\/ladepeche.mr\/index.php?rest_route=\/wp\/v2\/types\/post"}],"author":[{"embeddable":true,"href":"https:\/\/ladepeche.mr\/index.php?rest_route=\/wp\/v2\/users\/2"}],"replies":[{"embeddable":true,"href":"https:\/\/ladepeche.mr\/index.php?rest_route=%2Fwp%2Fv2%2Fcomments&post=6243"}],"version-history":[{"count":2,"href":"https:\/\/ladepeche.mr\/index.php?rest_route=\/wp\/v2\/posts\/6243\/revisions"}],"predecessor-version":[{"id":6246,"href":"https:\/\/ladepeche.mr\/index.php?rest_route=\/wp\/v2\/posts\/6243\/revisions\/6246"}],"wp:featuredmedia":[{"embeddable":true,"href":"https:\/\/ladepeche.mr\/index.php?rest_route=\/wp\/v2\/media\/6244"}],"wp:attachment":[{"href":"https:\/\/ladepeche.mr\/index.php?rest_route=%2Fwp%2Fv2%2Fmedia&parent=6243"}],"wp:term":[{"taxonomy":"category","embeddable":true,"href":"https:\/\/ladepeche.mr\/index.php?rest_route=%2Fwp%2Fv2%2Fcategories&post=6243"},{"taxonomy":"post_tag","embeddable":true,"href":"https:\/\/ladepeche.mr\/index.php?rest_route=%2Fwp%2Fv2%2Ftags&post=6243"}],"curies":[{"name":"wp","href":"https:\/\/api.w.org\/{rel}","templated":true}]}}