{"id":6255,"date":"2023-06-30T12:28:05","date_gmt":"2023-06-30T12:28:05","guid":{"rendered":"https:\/\/ladepeche.mr\/?p=6255"},"modified":"2023-06-30T12:28:05","modified_gmt":"2023-06-30T12:28:05","slug":"classement-fifa-les-mourabitounes-reintegrent-le-top-100","status":"publish","type":"post","link":"https:\/\/ladepeche.mr\/?p=6255","title":{"rendered":"Classement FIFA : les Mourabitounes r\u00e9int\u00e8grent le top 100"},"content":{"rendered":"<p>Les Mourabitoune r\u00e9int\u00e8grent le top 100. La Mauritanie gagne six places au classement mondial FIFA et retrouve le top 100.<\/p>\n<p>Selon le nouveau classement du mois d\u00e9voil\u00e9 ce jeudi 29 juin, les Mourabitoune sont 99 \u00e8me gr\u00e2ce \u00e0 leur victoire face au Soudan (3-0), lors de la cinqui\u00e8me journ\u00e9e des \u00e9liminatoires de la Coupe d&#8217;Afrique des Nations (CAN 2024) qui va se d\u00e9rouler en C\u00f4te d&#8217;Ivoire.<br \/>\nRIMSPORT<\/p>\n","protected":false},"excerpt":{"rendered":"<p>Les Mourabitoune r\u00e9int\u00e8grent le top 100. La Mauritanie gagne six places au classement mondial FIFA et retrouve le top 100. Selon le nouveau classement du mois d\u00e9voil\u00e9 ce jeudi 29 juin, les Mourabitoune sont 99 \u00e8me gr\u00e2ce \u00e0 leur victoire face au Soudan (3-0), lors de la cinqui\u00e8me journ\u00e9e des \u00e9liminatoires de la Coupe d&#8217;Afrique &hellip;<\/p>\n","protected":false},"author":2,"featured_media":3948,"comment_status":"open","ping_status":"open","sticky":false,"template":"","format":"standard","meta":{"footnotes":""},"categories":[18,17],"tags":[],"class_list":["post-6255","post","type-post","status-publish","format-standard","has-post-thumbnail","hentry","category-actualites","category-sports"],"_links":{"self":[{"href":"https:\/\/ladepeche.mr\/index.php?rest_route=\/wp\/v2\/posts\/6255","targetHints":{"allow":["GET"]}}],"collection":[{"href":"https:\/\/ladepeche.mr\/index.php?rest_route=\/wp\/v2\/posts"}],"about":[{"href":"https:\/\/ladepeche.mr\/index.php?rest_route=\/wp\/v2\/types\/post"}],"author":[{"embeddable":true,"href":"https:\/\/ladepeche.mr\/index.php?rest_route=\/wp\/v2\/users\/2"}],"replies":[{"embeddable":true,"href":"https:\/\/ladepeche.mr\/index.php?rest_route=%2Fwp%2Fv2%2Fcomments&post=6255"}],"version-history":[{"count":1,"href":"https:\/\/ladepeche.mr\/index.php?rest_route=\/wp\/v2\/posts\/6255\/revisions"}],"predecessor-version":[{"id":6256,"href":"https:\/\/ladepeche.mr\/index.php?rest_route=\/wp\/v2\/posts\/6255\/revisions\/6256"}],"wp:featuredmedia":[{"embeddable":true,"href":"https:\/\/ladepeche.mr\/index.php?rest_route=\/wp\/v2\/media\/3948"}],"wp:attachment":[{"href":"https:\/\/ladepeche.mr\/index.php?rest_route=%2Fwp%2Fv2%2Fmedia&parent=6255"}],"wp:term":[{"taxonomy":"category","embeddable":true,"href":"https:\/\/ladepeche.mr\/index.php?rest_route=%2Fwp%2Fv2%2Fcategories&post=6255"},{"taxonomy":"post_tag","embeddable":true,"href":"https:\/\/ladepeche.mr\/index.php?rest_route=%2Fwp%2Fv2%2Ftags&post=6255"}],"curies":[{"name":"wp","href":"https:\/\/api.w.org\/{rel}","templated":true}]}}