{"id":6257,"date":"2023-06-30T12:31:57","date_gmt":"2023-06-30T12:31:57","guid":{"rendered":"https:\/\/ladepeche.mr\/?p=6257"},"modified":"2023-06-30T12:31:57","modified_gmt":"2023-06-30T12:31:57","slug":"la-snim-veut-redemarrer-elle-meme-lexploitation-du-gisement-de-fer-de-fderick","status":"publish","type":"post","link":"https:\/\/ladepeche.mr\/?p=6257","title":{"rendered":"La SNIM veut red\u00e9marrer elle-m\u00eame l&#8217;exploitation du gisement de fer de Fd\u00e9rick"},"content":{"rendered":"<p>La SNIM veut red\u00e9marrer elle-m\u00eame l&#8217;exploitation du gisement de fer de Fd\u00e9rick.<\/p>\n<p>Pilot\u00e9e par Mohamed Vall Ould Telmidi, la compagnie \u00e9tatique SNIM estime disposer de moyens financiers suffisants pour exploiter elle-m\u00eame et \u00e0 moindre co\u00fbt les r\u00e9serves de fer importantes du site de Fd\u00e9rick. Son appel d&#8217;offres de d\u00e9cembre 2020 pour le terrassement de la mine est donc abandonn\u00e9.<br \/>\nAfrica Intelligence<\/p>\n","protected":false},"excerpt":{"rendered":"<p>La SNIM veut red\u00e9marrer elle-m\u00eame l&#8217;exploitation du gisement de fer de Fd\u00e9rick. Pilot\u00e9e par Mohamed Vall Ould Telmidi, la compagnie \u00e9tatique SNIM estime disposer de moyens financiers suffisants pour exploiter elle-m\u00eame et \u00e0 moindre co\u00fbt les r\u00e9serves de fer importantes du site de Fd\u00e9rick. Son appel d&#8217;offres de d\u00e9cembre 2020 pour le terrassement de la &hellip;<\/p>\n","protected":false},"author":2,"featured_media":2637,"comment_status":"open","ping_status":"open","sticky":false,"template":"","format":"standard","meta":{"footnotes":""},"categories":[18,2,25],"tags":[],"class_list":["post-6257","post","type-post","status-publish","format-standard","has-post-thumbnail","hentry","category-actualites","category-economie","category-en-forme"],"_links":{"self":[{"href":"https:\/\/ladepeche.mr\/index.php?rest_route=\/wp\/v2\/posts\/6257","targetHints":{"allow":["GET"]}}],"collection":[{"href":"https:\/\/ladepeche.mr\/index.php?rest_route=\/wp\/v2\/posts"}],"about":[{"href":"https:\/\/ladepeche.mr\/index.php?rest_route=\/wp\/v2\/types\/post"}],"author":[{"embeddable":true,"href":"https:\/\/ladepeche.mr\/index.php?rest_route=\/wp\/v2\/users\/2"}],"replies":[{"embeddable":true,"href":"https:\/\/ladepeche.mr\/index.php?rest_route=%2Fwp%2Fv2%2Fcomments&post=6257"}],"version-history":[{"count":1,"href":"https:\/\/ladepeche.mr\/index.php?rest_route=\/wp\/v2\/posts\/6257\/revisions"}],"predecessor-version":[{"id":6258,"href":"https:\/\/ladepeche.mr\/index.php?rest_route=\/wp\/v2\/posts\/6257\/revisions\/6258"}],"wp:featuredmedia":[{"embeddable":true,"href":"https:\/\/ladepeche.mr\/index.php?rest_route=\/wp\/v2\/media\/2637"}],"wp:attachment":[{"href":"https:\/\/ladepeche.mr\/index.php?rest_route=%2Fwp%2Fv2%2Fmedia&parent=6257"}],"wp:term":[{"taxonomy":"category","embeddable":true,"href":"https:\/\/ladepeche.mr\/index.php?rest_route=%2Fwp%2Fv2%2Fcategories&post=6257"},{"taxonomy":"post_tag","embeddable":true,"href":"https:\/\/ladepeche.mr\/index.php?rest_route=%2Fwp%2Fv2%2Ftags&post=6257"}],"curies":[{"name":"wp","href":"https:\/\/api.w.org\/{rel}","templated":true}]}}